{"id":2001,"date":"2023-09-02T08:00:00","date_gmt":"2023-09-02T12:00:00","guid":{"rendered":"https:\/\/www.sdarm.ca\/bapteme-a-puslinch-ontario"},"modified":"2023-12-12T19:19:19","modified_gmt":"2023-12-13T00:19:19","slug":"bapteme-a-puslinch-ontario","status":"publish","type":"post","link":"https:\/\/www.sdarm.ca\/fr\/bapteme-a-puslinch-ontario","title":{"rendered":"Bapt\u00eame \u00e0 Puslinch, Ontario"},"content":{"rendered":"\n<p>C&rsquo;est avec une grande joie que nous nous sommes tous r\u00e9unis sur la rive du lac Valens le 19 ao\u00fbt 2023 pour nous r\u00e9jouir du bapt\u00eame de Sr. Dianne Medaric, qui a consacr\u00e9 sa vie au service du Seigneur. Ce fut une grande occasion de t\u00e9moigner de notre foi et de baptiser par l&rsquo;eau tous les membres de sa famille et toutes les personnes pr\u00e9sentes au bapt\u00eame sur le lac, suivi du service de communion des deux Fr. John et Sr. Dianne Medaric \u00e0 l&rsquo;\u00e9glise de Puslinch en Ontario au Canada. Que l&rsquo;amour de Dieu les soutienne dans leur cheminement vers le ciel. <\/p>\n\n<figure class=\"wp-block-gallery has-nested-images columns-default is-cropped wp-block-gallery-2 is-layout-flex wp-block-gallery-is-layout-flex\">\n<figure class=\"wp-block-image size-large\"><img loading=\"lazy\" decoding=\"async\" width=\"1024\" height=\"683\" data-id=\"1983\" src=\"https:\/\/www.sdarm.ca\/wp-content\/uploads\/2023\/11\/588A7004-1024x683.jpg\" alt=\"\" class=\"wp-image-1983\" srcset=\"https:\/\/www.sdarm.ca\/wp-content\/uploads\/2023\/11\/588A7004-1024x683.jpg 1024w, https:\/\/www.sdarm.ca\/wp-content\/uploads\/2023\/11\/588A7004-300x200.jpg 300w, https:\/\/www.sdarm.ca\/wp-content\/uploads\/2023\/11\/588A7004-768x512.jpg 768w, https:\/\/www.sdarm.ca\/wp-content\/uploads\/2023\/11\/588A7004-1536x1024.jpg 1536w, https:\/\/www.sdarm.ca\/wp-content\/uploads\/2023\/11\/588A7004-2048x1365.jpg 2048w, https:\/\/www.sdarm.ca\/wp-content\/uploads\/2023\/11\/588A7004-113x75.jpg 113w, https:\/\/www.sdarm.ca\/wp-content\/uploads\/2023\/11\/588A7004-480x320.jpg 480w\" sizes=\"auto, (max-width:767px) 480px, (max-width:1024px) 100vw, 1024px\" \/><\/figure>\n\n\n\n<figure class=\"wp-block-image size-large\"><img loading=\"lazy\" decoding=\"async\" width=\"1024\" height=\"683\" data-id=\"1985\" src=\"https:\/\/www.sdarm.ca\/wp-content\/uploads\/2023\/11\/588A7046-1024x683.jpg\" alt=\"\" class=\"wp-image-1985\" srcset=\"https:\/\/www.sdarm.ca\/wp-content\/uploads\/2023\/11\/588A7046-1024x683.jpg 1024w, https:\/\/www.sdarm.ca\/wp-content\/uploads\/2023\/11\/588A7046-300x200.jpg 300w, https:\/\/www.sdarm.ca\/wp-content\/uploads\/2023\/11\/588A7046-768x512.jpg 768w, https:\/\/www.sdarm.ca\/wp-content\/uploads\/2023\/11\/588A7046-1536x1024.jpg 1536w, https:\/\/www.sdarm.ca\/wp-content\/uploads\/2023\/11\/588A7046-2048x1365.jpg 2048w, https:\/\/www.sdarm.ca\/wp-content\/uploads\/2023\/11\/588A7046-113x75.jpg 113w, https:\/\/www.sdarm.ca\/wp-content\/uploads\/2023\/11\/588A7046-480x320.jpg 480w\" sizes=\"auto, (max-width:767px) 480px, (max-width:1024px) 100vw, 1024px\" \/><\/figure>\n\n\n\n<figure class=\"wp-block-image size-large\"><img loading=\"lazy\" decoding=\"async\" width=\"1024\" height=\"683\" data-id=\"1988\" src=\"https:\/\/www.sdarm.ca\/wp-content\/uploads\/2023\/11\/588A7145-1024x683.jpg\" alt=\"\" class=\"wp-image-1988\" srcset=\"https:\/\/www.sdarm.ca\/wp-content\/uploads\/2023\/11\/588A7145-1024x683.jpg 1024w, https:\/\/www.sdarm.ca\/wp-content\/uploads\/2023\/11\/588A7145-300x200.jpg 300w, https:\/\/www.sdarm.ca\/wp-content\/uploads\/2023\/11\/588A7145-768x512.jpg 768w, https:\/\/www.sdarm.ca\/wp-content\/uploads\/2023\/11\/588A7145-1536x1024.jpg 1536w, https:\/\/www.sdarm.ca\/wp-content\/uploads\/2023\/11\/588A7145-2048x1365.jpg 2048w, https:\/\/www.sdarm.ca\/wp-content\/uploads\/2023\/11\/588A7145-113x75.jpg 113w, https:\/\/www.sdarm.ca\/wp-content\/uploads\/2023\/11\/588A7145-480x320.jpg 480w\" sizes=\"auto, (max-width:767px) 480px, (max-width:1024px) 100vw, 1024px\" \/><\/figure>\n\n\n\n<figure class=\"wp-block-image size-large\"><img loading=\"lazy\" decoding=\"async\" width=\"1024\" height=\"683\" data-id=\"1990\" src=\"https:\/\/www.sdarm.ca\/wp-content\/uploads\/2023\/11\/588A7165-1024x683.jpg\" alt=\"\" class=\"wp-image-1990\" srcset=\"https:\/\/www.sdarm.ca\/wp-content\/uploads\/2023\/11\/588A7165-1024x683.jpg 1024w, https:\/\/www.sdarm.ca\/wp-content\/uploads\/2023\/11\/588A7165-300x200.jpg 300w, https:\/\/www.sdarm.ca\/wp-content\/uploads\/2023\/11\/588A7165-768x512.jpg 768w, https:\/\/www.sdarm.ca\/wp-content\/uploads\/2023\/11\/588A7165-1536x1024.jpg 1536w, https:\/\/www.sdarm.ca\/wp-content\/uploads\/2023\/11\/588A7165-2048x1365.jpg 2048w, https:\/\/www.sdarm.ca\/wp-content\/uploads\/2023\/11\/588A7165-113x75.jpg 113w, https:\/\/www.sdarm.ca\/wp-content\/uploads\/2023\/11\/588A7165-480x320.jpg 480w\" sizes=\"auto, (max-width:767px) 480px, (max-width:1024px) 100vw, 1024px\" \/><\/figure>\n\n\n\n<figure class=\"wp-block-image size-large\"><img loading=\"lazy\" decoding=\"async\" width=\"1024\" height=\"683\" data-id=\"1994\" src=\"https:\/\/www.sdarm.ca\/wp-content\/uploads\/2023\/11\/588A7345-1024x683.jpg\" alt=\"\" class=\"wp-image-1994\" srcset=\"https:\/\/www.sdarm.ca\/wp-content\/uploads\/2023\/11\/588A7345-1024x683.jpg 1024w, https:\/\/www.sdarm.ca\/wp-content\/uploads\/2023\/11\/588A7345-300x200.jpg 300w, https:\/\/www.sdarm.ca\/wp-content\/uploads\/2023\/11\/588A7345-768x512.jpg 768w, https:\/\/www.sdarm.ca\/wp-content\/uploads\/2023\/11\/588A7345-1536x1024.jpg 1536w, https:\/\/www.sdarm.ca\/wp-content\/uploads\/2023\/11\/588A7345-2048x1365.jpg 2048w, https:\/\/www.sdarm.ca\/wp-content\/uploads\/2023\/11\/588A7345-113x75.jpg 113w, https:\/\/www.sdarm.ca\/wp-content\/uploads\/2023\/11\/588A7345-480x320.jpg 480w\" sizes=\"auto, (max-width:767px) 480px, (max-width:1024px) 100vw, 1024px\" \/><\/figure>\n\n\n\n<figure class=\"wp-block-image size-large\"><img loading=\"lazy\" decoding=\"async\" width=\"1024\" height=\"683\" data-id=\"1992\" src=\"https:\/\/www.sdarm.ca\/wp-content\/uploads\/2023\/11\/588A7358-1024x683.jpg\" alt=\"\" class=\"wp-image-1992\" srcset=\"https:\/\/www.sdarm.ca\/wp-content\/uploads\/2023\/11\/588A7358-1024x683.jpg 1024w, https:\/\/www.sdarm.ca\/wp-content\/uploads\/2023\/11\/588A7358-300x200.jpg 300w, https:\/\/www.sdarm.ca\/wp-content\/uploads\/2023\/11\/588A7358-768x512.jpg 768w, https:\/\/www.sdarm.ca\/wp-content\/uploads\/2023\/11\/588A7358-1536x1024.jpg 1536w, https:\/\/www.sdarm.ca\/wp-content\/uploads\/2023\/11\/588A7358-2048x1365.jpg 2048w, https:\/\/www.sdarm.ca\/wp-content\/uploads\/2023\/11\/588A7358-113x75.jpg 113w, https:\/\/www.sdarm.ca\/wp-content\/uploads\/2023\/11\/588A7358-480x320.jpg 480w\" sizes=\"auto, (max-width:767px) 480px, (max-width:1024px) 100vw, 1024px\" \/><\/figure>\n<\/figure>\n","protected":false},"excerpt":{"rendered":"<p>C&rsquo;est avec une grande joie que nous nous sommes tous r\u00e9unis sur la rive du lac Valens le 19 ao\u00fbt 2023 pour nous r\u00e9jouir du bapt\u00eame de Sr. Dianne Medaric, qui a consacr\u00e9 sa vie au service du Seigneur. Ce fut une grande occasion de<span class=\"excerpt-hellip\"> [\u2026]<\/span><\/p>\n","protected":false},"author":1,"featured_media":1986,"comment_status":"open","ping_status":"open","sticky":false,"template":"","format":"standard","meta":{"footnotes":""},"categories":[25],"tags":[],"class_list":["post-2001","post","type-post","status-publish","format-standard","has-post-thumbnail","hentry","category-non-classifiee"],"yoast_head":"<!-- This site is optimized with the Yoast SEO plugin v27.5 - https:\/\/yoast.com\/product\/yoast-seo-wordpress\/ -->\n<title>Bapt\u00eame \u00e0 Puslinch, Ontario - \u00c9glise Adventiste du Septi\u00e8me Jour Mouvement de R\u00e9forme - Champ Est-Canadien<\/title>\n<meta name=\"robots\" content=\"index, follow, max-snippet:-1, max-image-preview:large, max-video-preview:-1\" \/>\n<link rel=\"canonical\" href=\"https:\/\/www.sdarm.ca\/fr\/bapteme-a-puslinch-ontario\" \/>\n<meta property=\"og:locale\" content=\"fr_FR\" \/>\n<meta property=\"og:type\" content=\"article\" \/>\n<meta property=\"og:title\" content=\"Bapt\u00eame \u00e0 Puslinch, Ontario - \u00c9glise Adventiste du Septi\u00e8me Jour Mouvement de R\u00e9forme - Champ Est-Canadien\" \/>\n<meta property=\"og:description\" content=\"C&rsquo;est avec une grande joie que nous nous sommes tous r\u00e9unis sur la rive du lac Valens le 19 ao\u00fbt 2023 pour nous r\u00e9jouir du bapt\u00eame de Sr. Dianne Medaric, qui a consacr\u00e9 sa vie au service du Seigneur. Ce fut une grande occasion de [\u2026]\" \/>\n<meta property=\"og:url\" content=\"https:\/\/www.sdarm.ca\/fr\/bapteme-a-puslinch-ontario\" \/>\n<meta property=\"og:site_name\" content=\"\u00c9glise Adventiste du Septi\u00e8me Jour Mouvement de R\u00e9forme - Champ Est-Canadien\" \/>\n<meta property=\"article:published_time\" content=\"2023-09-02T12:00:00+00:00\" \/>\n<meta property=\"article:modified_time\" content=\"2023-12-13T00:19:19+00:00\" \/>\n<meta property=\"og:image\" content=\"https:\/\/www.sdarm.ca\/wp-content\/uploads\/2023\/11\/588A7046-scaled.jpg\" \/>\n\t<meta property=\"og:image:width\" content=\"2560\" \/>\n\t<meta property=\"og:image:height\" content=\"1707\" \/>\n\t<meta property=\"og:image:type\" content=\"image\/jpeg\" \/>\n<meta name=\"author\" content=\"Etienne Lombard\" \/>\n<meta name=\"twitter:card\" content=\"summary_large_image\" \/>\n<meta name=\"twitter:label1\" content=\"\u00c9crit par\" \/>\n\t<meta name=\"twitter:data1\" content=\"Etienne Lombard\" \/>\n\t<meta name=\"twitter:label2\" content=\"Dur\u00e9e de lecture estim\u00e9e\" \/>\n\t<meta name=\"twitter:data2\" content=\"1 minute\" \/>\n<script type=\"application\/ld+json\" class=\"yoast-schema-graph\">{\"@context\":\"https:\\\/\\\/schema.org\",\"@graph\":[{\"@type\":\"Article\",\"@id\":\"https:\\\/\\\/www.sdarm.ca\\\/fr\\\/bapteme-a-puslinch-ontario#article\",\"isPartOf\":{\"@id\":\"https:\\\/\\\/www.sdarm.ca\\\/fr\\\/bapteme-a-puslinch-ontario\"},\"author\":{\"name\":\"Etienne Lombard\",\"@id\":\"https:\\\/\\\/www.sdarm.ca\\\/fr#\\\/schema\\\/person\\\/d86210e2680851b6f1c8b312ac686fa3\"},\"headline\":\"Bapt\u00eame \u00e0 Puslinch, Ontario\",\"datePublished\":\"2023-09-02T12:00:00+00:00\",\"dateModified\":\"2023-12-13T00:19:19+00:00\",\"mainEntityOfPage\":{\"@id\":\"https:\\\/\\\/www.sdarm.ca\\\/fr\\\/bapteme-a-puslinch-ontario\"},\"wordCount\":115,\"commentCount\":0,\"publisher\":{\"@id\":\"https:\\\/\\\/www.sdarm.ca\\\/fr#organization\"},\"image\":{\"@id\":\"https:\\\/\\\/www.sdarm.ca\\\/fr\\\/bapteme-a-puslinch-ontario#primaryimage\"},\"thumbnailUrl\":\"https:\\\/\\\/www.sdarm.ca\\\/wp-content\\\/uploads\\\/2023\\\/11\\\/588A7046-scaled.jpg\",\"articleSection\":[\"Non classifi\u00e9(e)\"],\"inLanguage\":\"fr-FR\",\"potentialAction\":[{\"@type\":\"CommentAction\",\"name\":\"Comment\",\"target\":[\"https:\\\/\\\/www.sdarm.ca\\\/fr\\\/bapteme-a-puslinch-ontario#respond\"]}]},{\"@type\":\"WebPage\",\"@id\":\"https:\\\/\\\/www.sdarm.ca\\\/fr\\\/bapteme-a-puslinch-ontario\",\"url\":\"https:\\\/\\\/www.sdarm.ca\\\/fr\\\/bapteme-a-puslinch-ontario\",\"name\":\"Bapt\u00eame \u00e0 Puslinch, Ontario - \u00c9glise Adventiste du Septi\u00e8me Jour Mouvement de R\u00e9forme - Champ Est-Canadien\",\"isPartOf\":{\"@id\":\"https:\\\/\\\/www.sdarm.ca\\\/fr#website\"},\"primaryImageOfPage\":{\"@id\":\"https:\\\/\\\/www.sdarm.ca\\\/fr\\\/bapteme-a-puslinch-ontario#primaryimage\"},\"image\":{\"@id\":\"https:\\\/\\\/www.sdarm.ca\\\/fr\\\/bapteme-a-puslinch-ontario#primaryimage\"},\"thumbnailUrl\":\"https:\\\/\\\/www.sdarm.ca\\\/wp-content\\\/uploads\\\/2023\\\/11\\\/588A7046-scaled.jpg\",\"datePublished\":\"2023-09-02T12:00:00+00:00\",\"dateModified\":\"2023-12-13T00:19:19+00:00\",\"breadcrumb\":{\"@id\":\"https:\\\/\\\/www.sdarm.ca\\\/fr\\\/bapteme-a-puslinch-ontario#breadcrumb\"},\"inLanguage\":\"fr-FR\",\"potentialAction\":[{\"@type\":\"ReadAction\",\"target\":[\"https:\\\/\\\/www.sdarm.ca\\\/fr\\\/bapteme-a-puslinch-ontario\"]}]},{\"@type\":\"ImageObject\",\"inLanguage\":\"fr-FR\",\"@id\":\"https:\\\/\\\/www.sdarm.ca\\\/fr\\\/bapteme-a-puslinch-ontario#primaryimage\",\"url\":\"https:\\\/\\\/www.sdarm.ca\\\/wp-content\\\/uploads\\\/2023\\\/11\\\/588A7046-scaled.jpg\",\"contentUrl\":\"https:\\\/\\\/www.sdarm.ca\\\/wp-content\\\/uploads\\\/2023\\\/11\\\/588A7046-scaled.jpg\",\"width\":2560,\"height\":1707},{\"@type\":\"BreadcrumbList\",\"@id\":\"https:\\\/\\\/www.sdarm.ca\\\/fr\\\/bapteme-a-puslinch-ontario#breadcrumb\",\"itemListElement\":[{\"@type\":\"ListItem\",\"position\":1,\"name\":\"Accueil\",\"item\":\"https:\\\/\\\/www.sdarm.ca\\\/fr\"},{\"@type\":\"ListItem\",\"position\":2,\"name\":\"Bapt\u00eame \u00e0 Puslinch, Ontario\"}]},{\"@type\":\"WebSite\",\"@id\":\"https:\\\/\\\/www.sdarm.ca\\\/fr#website\",\"url\":\"https:\\\/\\\/www.sdarm.ca\\\/fr\",\"name\":\"\u00c9glise Adventiste du Septi\u00e8me Jour Mouvement de R\u00e9forme - Champ Est-Canadien\",\"description\":\"Bienvenue sur le site web de notre \u00e9glise ! Dans ces pages, vous trouverez des informations sur notre \u00e9glise, nos minist\u00e8res, et surtout, qui est J\u00e9sus-Christ et comment vous pouvez commencer une relation personnelle avec Lui.  Nous esp\u00e9rons que vous serez b\u00e9nis par les sermons et les informations que vous trouverez ici. Plus important encore, nous esp\u00e9rons que vous d\u00e9couvrirez que l'amour de Dieu est inconditionnel.  \u00c0 l'\u00e9glise SDARM, notre d\u00e9sir est de faire une diff\u00e9rence au Canada et dans le monde. Nous aspirons \u00e0 \u00eatre une famille d'\u00e9glise qui accomplit la mission de Dieu. Venez nous rendre visite !\",\"publisher\":{\"@id\":\"https:\\\/\\\/www.sdarm.ca\\\/fr#organization\"},\"potentialAction\":[{\"@type\":\"SearchAction\",\"target\":{\"@type\":\"EntryPoint\",\"urlTemplate\":\"https:\\\/\\\/www.sdarm.ca\\\/fr?s={search_term_string}\"},\"query-input\":{\"@type\":\"PropertyValueSpecification\",\"valueRequired\":true,\"valueName\":\"search_term_string\"}}],\"inLanguage\":\"fr-FR\"},{\"@type\":\"Organization\",\"@id\":\"https:\\\/\\\/www.sdarm.ca\\\/fr#organization\",\"name\":\"\u00c9glise Adventiste du Septi\u00e8me Jour Mouvement de R\u00e9forme - Champ Est-Canadien\",\"url\":\"https:\\\/\\\/www.sdarm.ca\\\/fr\",\"logo\":{\"@type\":\"ImageObject\",\"inLanguage\":\"fr-FR\",\"@id\":\"https:\\\/\\\/www.sdarm.ca\\\/fr#\\\/schema\\\/logo\\\/image\\\/\",\"url\":\"https:\\\/\\\/www.sdarm.ca\\\/wp-content\\\/uploads\\\/2017\\\/01\\\/512x512-icon-logo_eglise.png\",\"contentUrl\":\"https:\\\/\\\/www.sdarm.ca\\\/wp-content\\\/uploads\\\/2017\\\/01\\\/512x512-icon-logo_eglise.png\",\"width\":512,\"height\":512,\"caption\":\"\u00c9glise Adventiste du Septi\u00e8me Jour Mouvement de R\u00e9forme - Champ Est-Canadien\"},\"image\":{\"@id\":\"https:\\\/\\\/www.sdarm.ca\\\/fr#\\\/schema\\\/logo\\\/image\\\/\"}},{\"@type\":\"Person\",\"@id\":\"https:\\\/\\\/www.sdarm.ca\\\/fr#\\\/schema\\\/person\\\/d86210e2680851b6f1c8b312ac686fa3\",\"name\":\"Etienne Lombard\",\"image\":{\"@type\":\"ImageObject\",\"inLanguage\":\"fr-FR\",\"@id\":\"https:\\\/\\\/secure.gravatar.com\\\/avatar\\\/d49599ed4f12df95ce0a3c30add96bfafb57b95047456fa7e9fbf16d89595f5d?s=96&d=mm&r=g\",\"url\":\"https:\\\/\\\/secure.gravatar.com\\\/avatar\\\/d49599ed4f12df95ce0a3c30add96bfafb57b95047456fa7e9fbf16d89595f5d?s=96&d=mm&r=g\",\"contentUrl\":\"https:\\\/\\\/secure.gravatar.com\\\/avatar\\\/d49599ed4f12df95ce0a3c30add96bfafb57b95047456fa7e9fbf16d89595f5d?s=96&d=mm&r=g\",\"caption\":\"Etienne Lombard\"},\"url\":\"https:\\\/\\\/www.sdarm.ca\\\/fr\\\/author\\\/etienne-lombard77\"}]}<\/script>\n<!-- \/ Yoast SEO plugin. -->","yoast_head_json":{"title":"Bapt\u00eame \u00e0 Puslinch, Ontario - \u00c9glise Adventiste du Septi\u00e8me Jour Mouvement de R\u00e9forme - Champ Est-Canadien","robots":{"index":"index","follow":"follow","max-snippet":"max-snippet:-1","max-image-preview":"max-image-preview:large","max-video-preview":"max-video-preview:-1"},"canonical":"https:\/\/www.sdarm.ca\/fr\/bapteme-a-puslinch-ontario","og_locale":"fr_FR","og_type":"article","og_title":"Bapt\u00eame \u00e0 Puslinch, Ontario - \u00c9glise Adventiste du Septi\u00e8me Jour Mouvement de R\u00e9forme - Champ Est-Canadien","og_description":"C&rsquo;est avec une grande joie que nous nous sommes tous r\u00e9unis sur la rive du lac Valens le 19 ao\u00fbt 2023 pour nous r\u00e9jouir du bapt\u00eame de Sr. Dianne Medaric, qui a consacr\u00e9 sa vie au service du Seigneur. Ce fut une grande occasion de [\u2026]","og_url":"https:\/\/www.sdarm.ca\/fr\/bapteme-a-puslinch-ontario","og_site_name":"\u00c9glise Adventiste du Septi\u00e8me Jour Mouvement de R\u00e9forme - Champ Est-Canadien","article_published_time":"2023-09-02T12:00:00+00:00","article_modified_time":"2023-12-13T00:19:19+00:00","og_image":[{"width":2560,"height":1707,"url":"https:\/\/www.sdarm.ca\/wp-content\/uploads\/2023\/11\/588A7046-scaled.jpg","type":"image\/jpeg"}],"author":"Etienne Lombard","twitter_card":"summary_large_image","twitter_misc":{"\u00c9crit par":"Etienne Lombard","Dur\u00e9e de lecture estim\u00e9e":"1 minute"},"schema":{"@context":"https:\/\/schema.org","@graph":[{"@type":"Article","@id":"https:\/\/www.sdarm.ca\/fr\/bapteme-a-puslinch-ontario#article","isPartOf":{"@id":"https:\/\/www.sdarm.ca\/fr\/bapteme-a-puslinch-ontario"},"author":{"name":"Etienne Lombard","@id":"https:\/\/www.sdarm.ca\/fr#\/schema\/person\/d86210e2680851b6f1c8b312ac686fa3"},"headline":"Bapt\u00eame \u00e0 Puslinch, Ontario","datePublished":"2023-09-02T12:00:00+00:00","dateModified":"2023-12-13T00:19:19+00:00","mainEntityOfPage":{"@id":"https:\/\/www.sdarm.ca\/fr\/bapteme-a-puslinch-ontario"},"wordCount":115,"commentCount":0,"publisher":{"@id":"https:\/\/www.sdarm.ca\/fr#organization"},"image":{"@id":"https:\/\/www.sdarm.ca\/fr\/bapteme-a-puslinch-ontario#primaryimage"},"thumbnailUrl":"https:\/\/www.sdarm.ca\/wp-content\/uploads\/2023\/11\/588A7046-scaled.jpg","articleSection":["Non classifi\u00e9(e)"],"inLanguage":"fr-FR","potentialAction":[{"@type":"CommentAction","name":"Comment","target":["https:\/\/www.sdarm.ca\/fr\/bapteme-a-puslinch-ontario#respond"]}]},{"@type":"WebPage","@id":"https:\/\/www.sdarm.ca\/fr\/bapteme-a-puslinch-ontario","url":"https:\/\/www.sdarm.ca\/fr\/bapteme-a-puslinch-ontario","name":"Bapt\u00eame \u00e0 Puslinch, Ontario - \u00c9glise Adventiste du Septi\u00e8me Jour Mouvement de R\u00e9forme - Champ Est-Canadien","isPartOf":{"@id":"https:\/\/www.sdarm.ca\/fr#website"},"primaryImageOfPage":{"@id":"https:\/\/www.sdarm.ca\/fr\/bapteme-a-puslinch-ontario#primaryimage"},"image":{"@id":"https:\/\/www.sdarm.ca\/fr\/bapteme-a-puslinch-ontario#primaryimage"},"thumbnailUrl":"https:\/\/www.sdarm.ca\/wp-content\/uploads\/2023\/11\/588A7046-scaled.jpg","datePublished":"2023-09-02T12:00:00+00:00","dateModified":"2023-12-13T00:19:19+00:00","breadcrumb":{"@id":"https:\/\/www.sdarm.ca\/fr\/bapteme-a-puslinch-ontario#breadcrumb"},"inLanguage":"fr-FR","potentialAction":[{"@type":"ReadAction","target":["https:\/\/www.sdarm.ca\/fr\/bapteme-a-puslinch-ontario"]}]},{"@type":"ImageObject","inLanguage":"fr-FR","@id":"https:\/\/www.sdarm.ca\/fr\/bapteme-a-puslinch-ontario#primaryimage","url":"https:\/\/www.sdarm.ca\/wp-content\/uploads\/2023\/11\/588A7046-scaled.jpg","contentUrl":"https:\/\/www.sdarm.ca\/wp-content\/uploads\/2023\/11\/588A7046-scaled.jpg","width":2560,"height":1707},{"@type":"BreadcrumbList","@id":"https:\/\/www.sdarm.ca\/fr\/bapteme-a-puslinch-ontario#breadcrumb","itemListElement":[{"@type":"ListItem","position":1,"name":"Accueil","item":"https:\/\/www.sdarm.ca\/fr"},{"@type":"ListItem","position":2,"name":"Bapt\u00eame \u00e0 Puslinch, Ontario"}]},{"@type":"WebSite","@id":"https:\/\/www.sdarm.ca\/fr#website","url":"https:\/\/www.sdarm.ca\/fr","name":"\u00c9glise Adventiste du Septi\u00e8me Jour Mouvement de R\u00e9forme - Champ Est-Canadien","description":"Bienvenue sur le site web de notre \u00e9glise ! Dans ces pages, vous trouverez des informations sur notre \u00e9glise, nos minist\u00e8res, et surtout, qui est J\u00e9sus-Christ et comment vous pouvez commencer une relation personnelle avec Lui.  Nous esp\u00e9rons que vous serez b\u00e9nis par les sermons et les informations que vous trouverez ici. Plus important encore, nous esp\u00e9rons que vous d\u00e9couvrirez que l'amour de Dieu est inconditionnel.  \u00c0 l'\u00e9glise SDARM, notre d\u00e9sir est de faire une diff\u00e9rence au Canada et dans le monde. Nous aspirons \u00e0 \u00eatre une famille d'\u00e9glise qui accomplit la mission de Dieu. Venez nous rendre visite !","publisher":{"@id":"https:\/\/www.sdarm.ca\/fr#organization"},"potentialAction":[{"@type":"SearchAction","target":{"@type":"EntryPoint","urlTemplate":"https:\/\/www.sdarm.ca\/fr?s={search_term_string}"},"query-input":{"@type":"PropertyValueSpecification","valueRequired":true,"valueName":"search_term_string"}}],"inLanguage":"fr-FR"},{"@type":"Organization","@id":"https:\/\/www.sdarm.ca\/fr#organization","name":"\u00c9glise Adventiste du Septi\u00e8me Jour Mouvement de R\u00e9forme - Champ Est-Canadien","url":"https:\/\/www.sdarm.ca\/fr","logo":{"@type":"ImageObject","inLanguage":"fr-FR","@id":"https:\/\/www.sdarm.ca\/fr#\/schema\/logo\/image\/","url":"https:\/\/www.sdarm.ca\/wp-content\/uploads\/2017\/01\/512x512-icon-logo_eglise.png","contentUrl":"https:\/\/www.sdarm.ca\/wp-content\/uploads\/2017\/01\/512x512-icon-logo_eglise.png","width":512,"height":512,"caption":"\u00c9glise Adventiste du Septi\u00e8me Jour Mouvement de R\u00e9forme - Champ Est-Canadien"},"image":{"@id":"https:\/\/www.sdarm.ca\/fr#\/schema\/logo\/image\/"}},{"@type":"Person","@id":"https:\/\/www.sdarm.ca\/fr#\/schema\/person\/d86210e2680851b6f1c8b312ac686fa3","name":"Etienne Lombard","image":{"@type":"ImageObject","inLanguage":"fr-FR","@id":"https:\/\/secure.gravatar.com\/avatar\/d49599ed4f12df95ce0a3c30add96bfafb57b95047456fa7e9fbf16d89595f5d?s=96&d=mm&r=g","url":"https:\/\/secure.gravatar.com\/avatar\/d49599ed4f12df95ce0a3c30add96bfafb57b95047456fa7e9fbf16d89595f5d?s=96&d=mm&r=g","contentUrl":"https:\/\/secure.gravatar.com\/avatar\/d49599ed4f12df95ce0a3c30add96bfafb57b95047456fa7e9fbf16d89595f5d?s=96&d=mm&r=g","caption":"Etienne Lombard"},"url":"https:\/\/www.sdarm.ca\/fr\/author\/etienne-lombard77"}]}},"_links":{"self":[{"href":"https:\/\/www.sdarm.ca\/fr\/wp-json\/wp\/v2\/posts\/2001","targetHints":{"allow":["GET"]}}],"collection":[{"href":"https:\/\/www.sdarm.ca\/fr\/wp-json\/wp\/v2\/posts"}],"about":[{"href":"https:\/\/www.sdarm.ca\/fr\/wp-json\/wp\/v2\/types\/post"}],"author":[{"embeddable":true,"href":"https:\/\/www.sdarm.ca\/fr\/wp-json\/wp\/v2\/users\/1"}],"replies":[{"embeddable":true,"href":"https:\/\/www.sdarm.ca\/fr\/wp-json\/wp\/v2\/comments?post=2001"}],"version-history":[{"count":1,"href":"https:\/\/www.sdarm.ca\/fr\/wp-json\/wp\/v2\/posts\/2001\/revisions"}],"predecessor-version":[{"id":2002,"href":"https:\/\/www.sdarm.ca\/fr\/wp-json\/wp\/v2\/posts\/2001\/revisions\/2002"}],"wp:featuredmedia":[{"embeddable":true,"href":"https:\/\/www.sdarm.ca\/fr\/wp-json\/wp\/v2\/media\/1986"}],"wp:attachment":[{"href":"https:\/\/www.sdarm.ca\/fr\/wp-json\/wp\/v2\/media?parent=2001"}],"wp:term":[{"taxonomy":"category","embeddable":true,"href":"https:\/\/www.sdarm.ca\/fr\/wp-json\/wp\/v2\/categories?post=2001"},{"taxonomy":"post_tag","embeddable":true,"href":"https:\/\/www.sdarm.ca\/fr\/wp-json\/wp\/v2\/tags?post=2001"}],"curies":[{"name":"wp","href":"https:\/\/api.w.org\/{rel}","templated":true}]}}