{"id":1935,"date":"2023-06-16T20:18:24","date_gmt":"2023-06-17T00:18:24","guid":{"rendered":"https:\/\/www.sdarm.ca\/inscription-a-la-conference-de-toronto-2023"},"modified":"2023-09-01T11:30:56","modified_gmt":"2023-09-01T15:30:56","slug":"inscription-a-la-conference-de-toronto-2023","status":"publish","type":"post","link":"https:\/\/www.sdarm.ca\/fr\/inscription-a-la-conference-de-toronto-2023","title":{"rendered":"Inscription \u00e0 la conf\u00e9rence spirituelle 2023 du Champ Est-Canadien"},"content":{"rendered":"\n<figure class=\"wp-block-image size-large\"><img loading=\"lazy\" decoding=\"async\" width=\"1024\" height=\"683\" src=\"https:\/\/www.sdarm.ca\/wp-content\/uploads\/2023\/08\/1-1-1024x683.png\" alt=\"\" class=\"wp-image-1955\" srcset=\"https:\/\/www.sdarm.ca\/wp-content\/uploads\/2023\/08\/1-1-1024x683.png 1024w, https:\/\/www.sdarm.ca\/wp-content\/uploads\/2023\/08\/1-1-300x200.png 300w, https:\/\/www.sdarm.ca\/wp-content\/uploads\/2023\/08\/1-1-768x512.png 768w, https:\/\/www.sdarm.ca\/wp-content\/uploads\/2023\/08\/1-1-1536x1024.png 1536w, https:\/\/www.sdarm.ca\/wp-content\/uploads\/2023\/08\/1-1-113x75.png 113w, https:\/\/www.sdarm.ca\/wp-content\/uploads\/2023\/08\/1-1-480x320.png 480w, https:\/\/www.sdarm.ca\/wp-content\/uploads\/2023\/08\/1-1.png 1800w\" sizes=\"auto, (max-width:767px) 480px, (max-width:1024px) 100vw, 1024px\" \/><\/figure>\n\n<figure class=\"wp-block-image size-large\"><img loading=\"lazy\" decoding=\"async\" width=\"1024\" height=\"683\" src=\"https:\/\/www.sdarm.ca\/wp-content\/uploads\/2023\/06\/2-1-1024x683.png\" alt=\"\" class=\"wp-image-1930\" srcset=\"https:\/\/www.sdarm.ca\/wp-content\/uploads\/2023\/06\/2-1-1024x683.png 1024w, https:\/\/www.sdarm.ca\/wp-content\/uploads\/2023\/06\/2-1-300x200.png 300w, https:\/\/www.sdarm.ca\/wp-content\/uploads\/2023\/06\/2-1-768x512.png 768w, https:\/\/www.sdarm.ca\/wp-content\/uploads\/2023\/06\/2-1-1536x1024.png 1536w, https:\/\/www.sdarm.ca\/wp-content\/uploads\/2023\/06\/2-1-113x75.png 113w, https:\/\/www.sdarm.ca\/wp-content\/uploads\/2023\/06\/2-1-480x320.png 480w, https:\/\/www.sdarm.ca\/wp-content\/uploads\/2023\/06\/2-1.png 1800w\" sizes=\"auto, (max-width:767px) 480px, (max-width:1024px) 100vw, 1024px\" \/><\/figure>\n\n<p><\/p>\n\n<p>Chers fr\u00e8res, soeurs et amis,<\/p>\n\n<p>Le Champ Est Canadien est heureux de vous inviter \u00e0 la Conf\u00e9rence Spirituelle 2023, qui aura lieu du 1er au 3 septembre 2023 (du vendredi au dimanche). Notre conf\u00e9rence organisera pour la premi\u00e8re fois sa conf\u00e9rence spirituelle dans un environnement de camp-meeting. <\/p>\n\n<p>Cette ann\u00e9e, la devise de la conf\u00e9rence est : \u00ab\u00a0Donnez le meilleur de vous-m\u00eame au ma\u00eetre\u00a0\u00bb. Nos orateurs invit\u00e9s seront Fr. Peter D. Lausevic de Roanoke VA, (Secr\u00e9taire r\u00e9gional pour l&rsquo;Am\u00e9rique du Nord), et Fr. Orlando Estevez, de Floride<\/p>\n\n<p>Nous encourageons tout le monde \u00e0 profiter de l&rsquo;occasion et \u00e0 s&rsquo;inscrire en utilisant notre formulaire en ligne ou en contactant Fr. Etienne Lombard au : 514-773-8566 ou par courriel : <a href=\"mailto:etlomb77@gmail.com\" rel=\"noreferrer noopener\" target=\"_blank\">etlomb77@gmail.com<\/a><\/p>\n\n<p><strong>H\u00e9bergement:<\/strong> 39 $ par personne et par nuit.<\/p>\n\n<p>Invit\u00e9s d&rsquo;un jour : 20 $ par voiture et par jour.<\/p>\n\n<p>Le paiement doit \u00eatre effectu\u00e9 en esp\u00e8ces ou par ch\u00e8que. Au cas o\u00f9 vous en auriez besoin, il y a des distributeurs automatiques de billets dans la ville de Cambridge.<\/p>\n\n<p><strong>Lieu de r\u00e9union:<\/strong> Country Side \u2013 \u201cCamp Shalom\u201d<\/p>\n\n<p>1985 Beke Rd, Cambridge ON, N1R 5S5<\/p>\n\n<p>Nous esp\u00e9rons que vous vous joindrez \u00e0 nous pour un voyage de trois jours \u00e0 la d\u00e9couverte des tr\u00e9sors des talents qui nous ont \u00e9t\u00e9 confi\u00e9s, afin de les utiliser et de les multiplier.<\/p>\n\n<p>Nous nous r\u00e9jouissons de vous voir \u00e0 la conf\u00e9rence !<\/p>\n\n<p><\/p>\n\n<p><strong>Programme :<\/strong><\/p>\n\n<figure class=\"wp-block-image size-large\"><img loading=\"lazy\" decoding=\"async\" width=\"1024\" height=\"791\" src=\"https:\/\/www.sdarm.ca\/wp-content\/uploads\/2023\/09\/2023-ECFC-Conference-1024x791.jpg\" alt=\"\" class=\"wp-image-1961\" srcset=\"https:\/\/www.sdarm.ca\/wp-content\/uploads\/2023\/09\/2023-ECFC-Conference-1024x791.jpg 1024w, https:\/\/www.sdarm.ca\/wp-content\/uploads\/2023\/09\/2023-ECFC-Conference-300x232.jpg 300w, https:\/\/www.sdarm.ca\/wp-content\/uploads\/2023\/09\/2023-ECFC-Conference-768x593.jpg 768w, https:\/\/www.sdarm.ca\/wp-content\/uploads\/2023\/09\/2023-ECFC-Conference-1536x1186.jpg 1536w, https:\/\/www.sdarm.ca\/wp-content\/uploads\/2023\/09\/2023-ECFC-Conference-2048x1582.jpg 2048w, https:\/\/www.sdarm.ca\/wp-content\/uploads\/2023\/09\/2023-ECFC-Conference-97x75.jpg 97w, https:\/\/www.sdarm.ca\/wp-content\/uploads\/2023\/09\/2023-ECFC-Conference-480x371.jpg 480w\" sizes=\"auto, (max-width:767px) 480px, (max-width:1024px) 100vw, 1024px\" \/><\/figure>\n","protected":false},"excerpt":{"rendered":"<p>Chers fr\u00e8res, soeurs et amis, Le Champ Est Canadien est heureux de vous inviter \u00e0 la Conf\u00e9rence Spirituelle 2023, qui aura lieu du 1er au 3 septembre 2023 (du vendredi au dimanche). Notre conf\u00e9rence organisera pour la premi\u00e8re fois sa conf\u00e9rence spirituelle dans un environnement<span class=\"excerpt-hellip\"> [\u2026]<\/span><\/p>\n","protected":false},"author":1,"featured_media":1927,"comment_status":"open","ping_status":"open","sticky":false,"template":"","format":"standard","meta":{"footnotes":""},"categories":[25],"tags":[],"class_list":["post-1935","post","type-post","status-publish","format-standard","has-post-thumbnail","hentry","category-non-classifiee"],"yoast_head":"<!-- This site is optimized with the Yoast SEO plugin v27.5 - https:\/\/yoast.com\/product\/yoast-seo-wordpress\/ -->\n<title>Inscription \u00e0 la conf\u00e9rence spirituelle 2023 du Champ Est-Canadien - \u00c9glise Adventiste du Septi\u00e8me Jour Mouvement de R\u00e9forme - Champ Est-Canadien<\/title>\n<meta name=\"robots\" content=\"index, follow, max-snippet:-1, max-image-preview:large, max-video-preview:-1\" \/>\n<link rel=\"canonical\" href=\"https:\/\/www.sdarm.ca\/fr\/inscription-a-la-conference-de-toronto-2023\" \/>\n<meta property=\"og:locale\" content=\"fr_FR\" \/>\n<meta property=\"og:type\" content=\"article\" \/>\n<meta property=\"og:title\" content=\"Inscription \u00e0 la conf\u00e9rence spirituelle 2023 du Champ Est-Canadien - \u00c9glise Adventiste du Septi\u00e8me Jour Mouvement de R\u00e9forme - Champ Est-Canadien\" \/>\n<meta property=\"og:description\" content=\"Chers fr\u00e8res, soeurs et amis, Le Champ Est Canadien est heureux de vous inviter \u00e0 la Conf\u00e9rence Spirituelle 2023, qui aura lieu du 1er au 3 septembre 2023 (du vendredi au dimanche). Notre conf\u00e9rence organisera pour la premi\u00e8re fois sa conf\u00e9rence spirituelle dans un environnement [\u2026]\" \/>\n<meta property=\"og:url\" content=\"https:\/\/www.sdarm.ca\/fr\/inscription-a-la-conference-de-toronto-2023\" \/>\n<meta property=\"og:site_name\" content=\"\u00c9glise Adventiste du Septi\u00e8me Jour Mouvement de R\u00e9forme - Champ Est-Canadien\" \/>\n<meta property=\"article:published_time\" content=\"2023-06-17T00:18:24+00:00\" \/>\n<meta property=\"article:modified_time\" content=\"2023-09-01T15:30:56+00:00\" \/>\n<meta property=\"og:image\" content=\"https:\/\/www.sdarm.ca\/wp-content\/uploads\/2023\/06\/1.png\" \/>\n\t<meta property=\"og:image:width\" content=\"1800\" \/>\n\t<meta property=\"og:image:height\" content=\"1200\" \/>\n\t<meta property=\"og:image:type\" content=\"image\/png\" \/>\n<meta name=\"author\" content=\"Etienne Lombard\" \/>\n<meta name=\"twitter:card\" content=\"summary_large_image\" \/>\n<meta name=\"twitter:label1\" content=\"\u00c9crit par\" \/>\n\t<meta name=\"twitter:data1\" content=\"Etienne Lombard\" \/>\n\t<meta name=\"twitter:label2\" content=\"Dur\u00e9e de lecture estim\u00e9e\" \/>\n\t<meta name=\"twitter:data2\" content=\"1 minute\" \/>\n<script type=\"application\/ld+json\" class=\"yoast-schema-graph\">{\"@context\":\"https:\\\/\\\/schema.org\",\"@graph\":[{\"@type\":\"Article\",\"@id\":\"https:\\\/\\\/www.sdarm.ca\\\/fr\\\/inscription-a-la-conference-de-toronto-2023#article\",\"isPartOf\":{\"@id\":\"https:\\\/\\\/www.sdarm.ca\\\/fr\\\/inscription-a-la-conference-de-toronto-2023\"},\"author\":{\"name\":\"Etienne Lombard\",\"@id\":\"https:\\\/\\\/www.sdarm.ca\\\/fr#\\\/schema\\\/person\\\/d86210e2680851b6f1c8b312ac686fa3\"},\"headline\":\"Inscription \u00e0 la conf\u00e9rence spirituelle 2023 du Champ Est-Canadien\",\"datePublished\":\"2023-06-17T00:18:24+00:00\",\"dateModified\":\"2023-09-01T15:30:56+00:00\",\"mainEntityOfPage\":{\"@id\":\"https:\\\/\\\/www.sdarm.ca\\\/fr\\\/inscription-a-la-conference-de-toronto-2023\"},\"wordCount\":247,\"commentCount\":0,\"publisher\":{\"@id\":\"https:\\\/\\\/www.sdarm.ca\\\/fr#organization\"},\"image\":{\"@id\":\"https:\\\/\\\/www.sdarm.ca\\\/fr\\\/inscription-a-la-conference-de-toronto-2023#primaryimage\"},\"thumbnailUrl\":\"https:\\\/\\\/www.sdarm.ca\\\/wp-content\\\/uploads\\\/2023\\\/06\\\/1.png\",\"articleSection\":[\"Non classifi\u00e9(e)\"],\"inLanguage\":\"fr-FR\",\"potentialAction\":[{\"@type\":\"CommentAction\",\"name\":\"Comment\",\"target\":[\"https:\\\/\\\/www.sdarm.ca\\\/fr\\\/inscription-a-la-conference-de-toronto-2023#respond\"]}]},{\"@type\":\"WebPage\",\"@id\":\"https:\\\/\\\/www.sdarm.ca\\\/fr\\\/inscription-a-la-conference-de-toronto-2023\",\"url\":\"https:\\\/\\\/www.sdarm.ca\\\/fr\\\/inscription-a-la-conference-de-toronto-2023\",\"name\":\"Inscription \u00e0 la conf\u00e9rence spirituelle 2023 du Champ Est-Canadien - \u00c9glise Adventiste du Septi\u00e8me Jour Mouvement de R\u00e9forme - Champ Est-Canadien\",\"isPartOf\":{\"@id\":\"https:\\\/\\\/www.sdarm.ca\\\/fr#website\"},\"primaryImageOfPage\":{\"@id\":\"https:\\\/\\\/www.sdarm.ca\\\/fr\\\/inscription-a-la-conference-de-toronto-2023#primaryimage\"},\"image\":{\"@id\":\"https:\\\/\\\/www.sdarm.ca\\\/fr\\\/inscription-a-la-conference-de-toronto-2023#primaryimage\"},\"thumbnailUrl\":\"https:\\\/\\\/www.sdarm.ca\\\/wp-content\\\/uploads\\\/2023\\\/06\\\/1.png\",\"datePublished\":\"2023-06-17T00:18:24+00:00\",\"dateModified\":\"2023-09-01T15:30:56+00:00\",\"breadcrumb\":{\"@id\":\"https:\\\/\\\/www.sdarm.ca\\\/fr\\\/inscription-a-la-conference-de-toronto-2023#breadcrumb\"},\"inLanguage\":\"fr-FR\",\"potentialAction\":[{\"@type\":\"ReadAction\",\"target\":[\"https:\\\/\\\/www.sdarm.ca\\\/fr\\\/inscription-a-la-conference-de-toronto-2023\"]}]},{\"@type\":\"ImageObject\",\"inLanguage\":\"fr-FR\",\"@id\":\"https:\\\/\\\/www.sdarm.ca\\\/fr\\\/inscription-a-la-conference-de-toronto-2023#primaryimage\",\"url\":\"https:\\\/\\\/www.sdarm.ca\\\/wp-content\\\/uploads\\\/2023\\\/06\\\/1.png\",\"contentUrl\":\"https:\\\/\\\/www.sdarm.ca\\\/wp-content\\\/uploads\\\/2023\\\/06\\\/1.png\",\"width\":1800,\"height\":1200},{\"@type\":\"BreadcrumbList\",\"@id\":\"https:\\\/\\\/www.sdarm.ca\\\/fr\\\/inscription-a-la-conference-de-toronto-2023#breadcrumb\",\"itemListElement\":[{\"@type\":\"ListItem\",\"position\":1,\"name\":\"Accueil\",\"item\":\"https:\\\/\\\/www.sdarm.ca\\\/fr\"},{\"@type\":\"ListItem\",\"position\":2,\"name\":\"Inscription \u00e0 la conf\u00e9rence spirituelle 2023 du Champ Est-Canadien\"}]},{\"@type\":\"WebSite\",\"@id\":\"https:\\\/\\\/www.sdarm.ca\\\/fr#website\",\"url\":\"https:\\\/\\\/www.sdarm.ca\\\/fr\",\"name\":\"\u00c9glise Adventiste du Septi\u00e8me Jour Mouvement de R\u00e9forme - Champ Est-Canadien\",\"description\":\"Bienvenue sur le site web de notre \u00e9glise ! Dans ces pages, vous trouverez des informations sur notre \u00e9glise, nos minist\u00e8res, et surtout, qui est J\u00e9sus-Christ et comment vous pouvez commencer une relation personnelle avec Lui.  Nous esp\u00e9rons que vous serez b\u00e9nis par les sermons et les informations que vous trouverez ici. Plus important encore, nous esp\u00e9rons que vous d\u00e9couvrirez que l'amour de Dieu est inconditionnel.  \u00c0 l'\u00e9glise SDARM, notre d\u00e9sir est de faire une diff\u00e9rence au Canada et dans le monde. Nous aspirons \u00e0 \u00eatre une famille d'\u00e9glise qui accomplit la mission de Dieu. Venez nous rendre visite !\",\"publisher\":{\"@id\":\"https:\\\/\\\/www.sdarm.ca\\\/fr#organization\"},\"potentialAction\":[{\"@type\":\"SearchAction\",\"target\":{\"@type\":\"EntryPoint\",\"urlTemplate\":\"https:\\\/\\\/www.sdarm.ca\\\/fr?s={search_term_string}\"},\"query-input\":{\"@type\":\"PropertyValueSpecification\",\"valueRequired\":true,\"valueName\":\"search_term_string\"}}],\"inLanguage\":\"fr-FR\"},{\"@type\":\"Organization\",\"@id\":\"https:\\\/\\\/www.sdarm.ca\\\/fr#organization\",\"name\":\"\u00c9glise Adventiste du Septi\u00e8me Jour Mouvement de R\u00e9forme - Champ Est-Canadien\",\"url\":\"https:\\\/\\\/www.sdarm.ca\\\/fr\",\"logo\":{\"@type\":\"ImageObject\",\"inLanguage\":\"fr-FR\",\"@id\":\"https:\\\/\\\/www.sdarm.ca\\\/fr#\\\/schema\\\/logo\\\/image\\\/\",\"url\":\"https:\\\/\\\/www.sdarm.ca\\\/wp-content\\\/uploads\\\/2017\\\/01\\\/512x512-icon-logo_eglise.png\",\"contentUrl\":\"https:\\\/\\\/www.sdarm.ca\\\/wp-content\\\/uploads\\\/2017\\\/01\\\/512x512-icon-logo_eglise.png\",\"width\":512,\"height\":512,\"caption\":\"\u00c9glise Adventiste du Septi\u00e8me Jour Mouvement de R\u00e9forme - Champ Est-Canadien\"},\"image\":{\"@id\":\"https:\\\/\\\/www.sdarm.ca\\\/fr#\\\/schema\\\/logo\\\/image\\\/\"}},{\"@type\":\"Person\",\"@id\":\"https:\\\/\\\/www.sdarm.ca\\\/fr#\\\/schema\\\/person\\\/d86210e2680851b6f1c8b312ac686fa3\",\"name\":\"Etienne Lombard\",\"image\":{\"@type\":\"ImageObject\",\"inLanguage\":\"fr-FR\",\"@id\":\"https:\\\/\\\/secure.gravatar.com\\\/avatar\\\/d49599ed4f12df95ce0a3c30add96bfafb57b95047456fa7e9fbf16d89595f5d?s=96&d=mm&r=g\",\"url\":\"https:\\\/\\\/secure.gravatar.com\\\/avatar\\\/d49599ed4f12df95ce0a3c30add96bfafb57b95047456fa7e9fbf16d89595f5d?s=96&d=mm&r=g\",\"contentUrl\":\"https:\\\/\\\/secure.gravatar.com\\\/avatar\\\/d49599ed4f12df95ce0a3c30add96bfafb57b95047456fa7e9fbf16d89595f5d?s=96&d=mm&r=g\",\"caption\":\"Etienne Lombard\"},\"url\":\"https:\\\/\\\/www.sdarm.ca\\\/fr\\\/author\\\/etienne-lombard77\"}]}<\/script>\n<!-- \/ Yoast SEO plugin. -->","yoast_head_json":{"title":"Inscription \u00e0 la conf\u00e9rence spirituelle 2023 du Champ Est-Canadien - \u00c9glise Adventiste du Septi\u00e8me Jour Mouvement de R\u00e9forme - Champ Est-Canadien","robots":{"index":"index","follow":"follow","max-snippet":"max-snippet:-1","max-image-preview":"max-image-preview:large","max-video-preview":"max-video-preview:-1"},"canonical":"https:\/\/www.sdarm.ca\/fr\/inscription-a-la-conference-de-toronto-2023","og_locale":"fr_FR","og_type":"article","og_title":"Inscription \u00e0 la conf\u00e9rence spirituelle 2023 du Champ Est-Canadien - \u00c9glise Adventiste du Septi\u00e8me Jour Mouvement de R\u00e9forme - Champ Est-Canadien","og_description":"Chers fr\u00e8res, soeurs et amis, Le Champ Est Canadien est heureux de vous inviter \u00e0 la Conf\u00e9rence Spirituelle 2023, qui aura lieu du 1er au 3 septembre 2023 (du vendredi au dimanche). Notre conf\u00e9rence organisera pour la premi\u00e8re fois sa conf\u00e9rence spirituelle dans un environnement [\u2026]","og_url":"https:\/\/www.sdarm.ca\/fr\/inscription-a-la-conference-de-toronto-2023","og_site_name":"\u00c9glise Adventiste du Septi\u00e8me Jour Mouvement de R\u00e9forme - Champ Est-Canadien","article_published_time":"2023-06-17T00:18:24+00:00","article_modified_time":"2023-09-01T15:30:56+00:00","og_image":[{"width":1800,"height":1200,"url":"https:\/\/www.sdarm.ca\/wp-content\/uploads\/2023\/06\/1.png","type":"image\/png"}],"author":"Etienne Lombard","twitter_card":"summary_large_image","twitter_misc":{"\u00c9crit par":"Etienne Lombard","Dur\u00e9e de lecture estim\u00e9e":"1 minute"},"schema":{"@context":"https:\/\/schema.org","@graph":[{"@type":"Article","@id":"https:\/\/www.sdarm.ca\/fr\/inscription-a-la-conference-de-toronto-2023#article","isPartOf":{"@id":"https:\/\/www.sdarm.ca\/fr\/inscription-a-la-conference-de-toronto-2023"},"author":{"name":"Etienne Lombard","@id":"https:\/\/www.sdarm.ca\/fr#\/schema\/person\/d86210e2680851b6f1c8b312ac686fa3"},"headline":"Inscription \u00e0 la conf\u00e9rence spirituelle 2023 du Champ Est-Canadien","datePublished":"2023-06-17T00:18:24+00:00","dateModified":"2023-09-01T15:30:56+00:00","mainEntityOfPage":{"@id":"https:\/\/www.sdarm.ca\/fr\/inscription-a-la-conference-de-toronto-2023"},"wordCount":247,"commentCount":0,"publisher":{"@id":"https:\/\/www.sdarm.ca\/fr#organization"},"image":{"@id":"https:\/\/www.sdarm.ca\/fr\/inscription-a-la-conference-de-toronto-2023#primaryimage"},"thumbnailUrl":"https:\/\/www.sdarm.ca\/wp-content\/uploads\/2023\/06\/1.png","articleSection":["Non classifi\u00e9(e)"],"inLanguage":"fr-FR","potentialAction":[{"@type":"CommentAction","name":"Comment","target":["https:\/\/www.sdarm.ca\/fr\/inscription-a-la-conference-de-toronto-2023#respond"]}]},{"@type":"WebPage","@id":"https:\/\/www.sdarm.ca\/fr\/inscription-a-la-conference-de-toronto-2023","url":"https:\/\/www.sdarm.ca\/fr\/inscription-a-la-conference-de-toronto-2023","name":"Inscription \u00e0 la conf\u00e9rence spirituelle 2023 du Champ Est-Canadien - \u00c9glise Adventiste du Septi\u00e8me Jour Mouvement de R\u00e9forme - Champ Est-Canadien","isPartOf":{"@id":"https:\/\/www.sdarm.ca\/fr#website"},"primaryImageOfPage":{"@id":"https:\/\/www.sdarm.ca\/fr\/inscription-a-la-conference-de-toronto-2023#primaryimage"},"image":{"@id":"https:\/\/www.sdarm.ca\/fr\/inscription-a-la-conference-de-toronto-2023#primaryimage"},"thumbnailUrl":"https:\/\/www.sdarm.ca\/wp-content\/uploads\/2023\/06\/1.png","datePublished":"2023-06-17T00:18:24+00:00","dateModified":"2023-09-01T15:30:56+00:00","breadcrumb":{"@id":"https:\/\/www.sdarm.ca\/fr\/inscription-a-la-conference-de-toronto-2023#breadcrumb"},"inLanguage":"fr-FR","potentialAction":[{"@type":"ReadAction","target":["https:\/\/www.sdarm.ca\/fr\/inscription-a-la-conference-de-toronto-2023"]}]},{"@type":"ImageObject","inLanguage":"fr-FR","@id":"https:\/\/www.sdarm.ca\/fr\/inscription-a-la-conference-de-toronto-2023#primaryimage","url":"https:\/\/www.sdarm.ca\/wp-content\/uploads\/2023\/06\/1.png","contentUrl":"https:\/\/www.sdarm.ca\/wp-content\/uploads\/2023\/06\/1.png","width":1800,"height":1200},{"@type":"BreadcrumbList","@id":"https:\/\/www.sdarm.ca\/fr\/inscription-a-la-conference-de-toronto-2023#breadcrumb","itemListElement":[{"@type":"ListItem","position":1,"name":"Accueil","item":"https:\/\/www.sdarm.ca\/fr"},{"@type":"ListItem","position":2,"name":"Inscription \u00e0 la conf\u00e9rence spirituelle 2023 du Champ Est-Canadien"}]},{"@type":"WebSite","@id":"https:\/\/www.sdarm.ca\/fr#website","url":"https:\/\/www.sdarm.ca\/fr","name":"\u00c9glise Adventiste du Septi\u00e8me Jour Mouvement de R\u00e9forme - Champ Est-Canadien","description":"Bienvenue sur le site web de notre \u00e9glise ! Dans ces pages, vous trouverez des informations sur notre \u00e9glise, nos minist\u00e8res, et surtout, qui est J\u00e9sus-Christ et comment vous pouvez commencer une relation personnelle avec Lui.  Nous esp\u00e9rons que vous serez b\u00e9nis par les sermons et les informations que vous trouverez ici. Plus important encore, nous esp\u00e9rons que vous d\u00e9couvrirez que l'amour de Dieu est inconditionnel.  \u00c0 l'\u00e9glise SDARM, notre d\u00e9sir est de faire une diff\u00e9rence au Canada et dans le monde. Nous aspirons \u00e0 \u00eatre une famille d'\u00e9glise qui accomplit la mission de Dieu. Venez nous rendre visite !","publisher":{"@id":"https:\/\/www.sdarm.ca\/fr#organization"},"potentialAction":[{"@type":"SearchAction","target":{"@type":"EntryPoint","urlTemplate":"https:\/\/www.sdarm.ca\/fr?s={search_term_string}"},"query-input":{"@type":"PropertyValueSpecification","valueRequired":true,"valueName":"search_term_string"}}],"inLanguage":"fr-FR"},{"@type":"Organization","@id":"https:\/\/www.sdarm.ca\/fr#organization","name":"\u00c9glise Adventiste du Septi\u00e8me Jour Mouvement de R\u00e9forme - Champ Est-Canadien","url":"https:\/\/www.sdarm.ca\/fr","logo":{"@type":"ImageObject","inLanguage":"fr-FR","@id":"https:\/\/www.sdarm.ca\/fr#\/schema\/logo\/image\/","url":"https:\/\/www.sdarm.ca\/wp-content\/uploads\/2017\/01\/512x512-icon-logo_eglise.png","contentUrl":"https:\/\/www.sdarm.ca\/wp-content\/uploads\/2017\/01\/512x512-icon-logo_eglise.png","width":512,"height":512,"caption":"\u00c9glise Adventiste du Septi\u00e8me Jour Mouvement de R\u00e9forme - Champ Est-Canadien"},"image":{"@id":"https:\/\/www.sdarm.ca\/fr#\/schema\/logo\/image\/"}},{"@type":"Person","@id":"https:\/\/www.sdarm.ca\/fr#\/schema\/person\/d86210e2680851b6f1c8b312ac686fa3","name":"Etienne Lombard","image":{"@type":"ImageObject","inLanguage":"fr-FR","@id":"https:\/\/secure.gravatar.com\/avatar\/d49599ed4f12df95ce0a3c30add96bfafb57b95047456fa7e9fbf16d89595f5d?s=96&d=mm&r=g","url":"https:\/\/secure.gravatar.com\/avatar\/d49599ed4f12df95ce0a3c30add96bfafb57b95047456fa7e9fbf16d89595f5d?s=96&d=mm&r=g","contentUrl":"https:\/\/secure.gravatar.com\/avatar\/d49599ed4f12df95ce0a3c30add96bfafb57b95047456fa7e9fbf16d89595f5d?s=96&d=mm&r=g","caption":"Etienne Lombard"},"url":"https:\/\/www.sdarm.ca\/fr\/author\/etienne-lombard77"}]}},"_links":{"self":[{"href":"https:\/\/www.sdarm.ca\/fr\/wp-json\/wp\/v2\/posts\/1935","targetHints":{"allow":["GET"]}}],"collection":[{"href":"https:\/\/www.sdarm.ca\/fr\/wp-json\/wp\/v2\/posts"}],"about":[{"href":"https:\/\/www.sdarm.ca\/fr\/wp-json\/wp\/v2\/types\/post"}],"author":[{"embeddable":true,"href":"https:\/\/www.sdarm.ca\/fr\/wp-json\/wp\/v2\/users\/1"}],"replies":[{"embeddable":true,"href":"https:\/\/www.sdarm.ca\/fr\/wp-json\/wp\/v2\/comments?post=1935"}],"version-history":[{"count":6,"href":"https:\/\/www.sdarm.ca\/fr\/wp-json\/wp\/v2\/posts\/1935\/revisions"}],"predecessor-version":[{"id":1967,"href":"https:\/\/www.sdarm.ca\/fr\/wp-json\/wp\/v2\/posts\/1935\/revisions\/1967"}],"wp:featuredmedia":[{"embeddable":true,"href":"https:\/\/www.sdarm.ca\/fr\/wp-json\/wp\/v2\/media\/1927"}],"wp:attachment":[{"href":"https:\/\/www.sdarm.ca\/fr\/wp-json\/wp\/v2\/media?parent=1935"}],"wp:term":[{"taxonomy":"category","embeddable":true,"href":"https:\/\/www.sdarm.ca\/fr\/wp-json\/wp\/v2\/categories?post=1935"},{"taxonomy":"post_tag","embeddable":true,"href":"https:\/\/www.sdarm.ca\/fr\/wp-json\/wp\/v2\/tags?post=1935"}],"curies":[{"name":"wp","href":"https:\/\/api.w.org\/{rel}","templated":true}]}}