{"id":1760,"date":"2023-03-10T21:38:50","date_gmt":"2023-03-11T02:38:50","guid":{"rendered":"https:\/\/www.sdarm.ca\/concert-caritatif-de-printemps-a-toronto"},"modified":"2023-03-31T12:19:13","modified_gmt":"2023-03-31T16:19:13","slug":"concert-caritatif-de-printemps-a-toronto","status":"publish","type":"post","link":"https:\/\/www.sdarm.ca\/fr\/concert-caritatif-de-printemps-a-toronto","title":{"rendered":"Concert caritatif de printemps \u00e0 Toronto"},"content":{"rendered":"\n<p>Notre concert de charit\u00e9 de printemps aura lieu le 7 mai 2023 dans notre \u00e9glise locale de Toronto. Plus de d\u00e9tails suivront \u00e0 l&rsquo;approche de la date. Pour toute demande de renseignements, veuillez contacter<\/p>\n\n<p>Tatjana Lukic: +1 (416) 806-5395<br\/>Bianca Sirbu: +1 (647) 512-6246<\/p>\n<div class=\"wp-block-image is-style-default\">\n<figure class=\"aligncenter size-large\"><img loading=\"lazy\" decoding=\"async\" width=\"732\" height=\"1024\" src=\"https:\/\/www.sdarm.ca\/wp-content\/uploads\/2023\/03\/Join-us-for-our-2-732x1024.png\" alt=\"\" class=\"wp-image-1734\" srcset=\"https:\/\/www.sdarm.ca\/wp-content\/uploads\/2023\/03\/Join-us-for-our-2-732x1024.png 732w, https:\/\/www.sdarm.ca\/wp-content\/uploads\/2023\/03\/Join-us-for-our-2-214x300.png 214w, https:\/\/www.sdarm.ca\/wp-content\/uploads\/2023\/03\/Join-us-for-our-2-768x1075.png 768w, https:\/\/www.sdarm.ca\/wp-content\/uploads\/2023\/03\/Join-us-for-our-2-1097x1536.png 1097w, https:\/\/www.sdarm.ca\/wp-content\/uploads\/2023\/03\/Join-us-for-our-2-104x146.png 104w, https:\/\/www.sdarm.ca\/wp-content\/uploads\/2023\/03\/Join-us-for-our-2-36x50.png 36w, https:\/\/www.sdarm.ca\/wp-content\/uploads\/2023\/03\/Join-us-for-our-2-54x75.png 54w, https:\/\/www.sdarm.ca\/wp-content\/uploads\/2023\/03\/Join-us-for-our-2.png 1429w\" sizes=\"auto, (max-width:767px) 480px, 732px\" \/><\/figure><\/div>","protected":false},"excerpt":{"rendered":"<p>Notre concert de charit\u00e9 de printemps aura lieu le 7 mai 2023 dans notre \u00e9glise locale de Toronto. Plus de d\u00e9tails suivront \u00e0 l&rsquo;approche de la date. Pour toute demande de renseignements, veuillez contacter Tatjana Lukic: +1 (416) 806-5395Bianca Sirbu: +1 (647) 512-6246<\/p>\n","protected":false},"author":1,"featured_media":1731,"comment_status":"open","ping_status":"open","sticky":false,"template":"","format":"standard","meta":{"footnotes":""},"categories":[25],"tags":[],"class_list":["post-1760","post","type-post","status-publish","format-standard","has-post-thumbnail","hentry","category-non-classifiee"],"yoast_head":"<!-- This site is optimized with the Yoast SEO plugin v27.5 - https:\/\/yoast.com\/product\/yoast-seo-wordpress\/ -->\n<title>Concert caritatif de printemps \u00e0 Toronto - \u00c9glise Adventiste du Septi\u00e8me Jour Mouvement de R\u00e9forme - Champ Est-Canadien<\/title>\n<meta name=\"robots\" content=\"index, follow, max-snippet:-1, max-image-preview:large, max-video-preview:-1\" \/>\n<link rel=\"canonical\" href=\"https:\/\/www.sdarm.ca\/fr\/concert-caritatif-de-printemps-a-toronto\" \/>\n<meta property=\"og:locale\" content=\"fr_FR\" \/>\n<meta property=\"og:type\" content=\"article\" \/>\n<meta property=\"og:title\" content=\"Concert caritatif de printemps \u00e0 Toronto - \u00c9glise Adventiste du Septi\u00e8me Jour Mouvement de R\u00e9forme - Champ Est-Canadien\" \/>\n<meta property=\"og:description\" content=\"Notre concert de charit\u00e9 de printemps aura lieu le 7 mai 2023 dans notre \u00e9glise locale de Toronto. Plus de d\u00e9tails suivront \u00e0 l&rsquo;approche de la date. Pour toute demande de renseignements, veuillez contacter Tatjana Lukic: +1 (416) 806-5395Bianca Sirbu: +1 (647) 512-6246\" \/>\n<meta property=\"og:url\" content=\"https:\/\/www.sdarm.ca\/fr\/concert-caritatif-de-printemps-a-toronto\" \/>\n<meta property=\"og:site_name\" content=\"\u00c9glise Adventiste du Septi\u00e8me Jour Mouvement de R\u00e9forme - Champ Est-Canadien\" \/>\n<meta property=\"article:published_time\" content=\"2023-03-11T02:38:50+00:00\" \/>\n<meta property=\"article:modified_time\" content=\"2023-03-31T16:19:13+00:00\" \/>\n<meta property=\"og:image\" content=\"https:\/\/www.sdarm.ca\/wp-content\/uploads\/2023\/03\/Concert-Invitation.jpg\" \/>\n\t<meta property=\"og:image:width\" content=\"718\" \/>\n\t<meta property=\"og:image:height\" content=\"247\" \/>\n\t<meta property=\"og:image:type\" content=\"image\/jpeg\" \/>\n<meta name=\"author\" content=\"Etienne Lombard\" \/>\n<meta name=\"twitter:card\" content=\"summary_large_image\" \/>\n<meta name=\"twitter:label1\" content=\"\u00c9crit par\" \/>\n\t<meta name=\"twitter:data1\" content=\"Etienne Lombard\" \/>\n<script type=\"application\/ld+json\" class=\"yoast-schema-graph\">{\"@context\":\"https:\\\/\\\/schema.org\",\"@graph\":[{\"@type\":\"Article\",\"@id\":\"https:\\\/\\\/www.sdarm.ca\\\/fr\\\/concert-caritatif-de-printemps-a-toronto#article\",\"isPartOf\":{\"@id\":\"https:\\\/\\\/www.sdarm.ca\\\/fr\\\/concert-caritatif-de-printemps-a-toronto\"},\"author\":{\"name\":\"Etienne Lombard\",\"@id\":\"https:\\\/\\\/www.sdarm.ca\\\/fr#\\\/schema\\\/person\\\/d86210e2680851b6f1c8b312ac686fa3\"},\"headline\":\"Concert caritatif de printemps \u00e0 Toronto\",\"datePublished\":\"2023-03-11T02:38:50+00:00\",\"dateModified\":\"2023-03-31T16:19:13+00:00\",\"mainEntityOfPage\":{\"@id\":\"https:\\\/\\\/www.sdarm.ca\\\/fr\\\/concert-caritatif-de-printemps-a-toronto\"},\"wordCount\":44,\"commentCount\":0,\"publisher\":{\"@id\":\"https:\\\/\\\/www.sdarm.ca\\\/fr#organization\"},\"image\":{\"@id\":\"https:\\\/\\\/www.sdarm.ca\\\/fr\\\/concert-caritatif-de-printemps-a-toronto#primaryimage\"},\"thumbnailUrl\":\"https:\\\/\\\/www.sdarm.ca\\\/wp-content\\\/uploads\\\/2023\\\/03\\\/Concert-Invitation.jpg\",\"articleSection\":[\"Non classifi\u00e9(e)\"],\"inLanguage\":\"fr-FR\",\"potentialAction\":[{\"@type\":\"CommentAction\",\"name\":\"Comment\",\"target\":[\"https:\\\/\\\/www.sdarm.ca\\\/fr\\\/concert-caritatif-de-printemps-a-toronto#respond\"]}]},{\"@type\":\"WebPage\",\"@id\":\"https:\\\/\\\/www.sdarm.ca\\\/fr\\\/concert-caritatif-de-printemps-a-toronto\",\"url\":\"https:\\\/\\\/www.sdarm.ca\\\/fr\\\/concert-caritatif-de-printemps-a-toronto\",\"name\":\"Concert caritatif de printemps \u00e0 Toronto - \u00c9glise Adventiste du Septi\u00e8me Jour Mouvement de R\u00e9forme - Champ Est-Canadien\",\"isPartOf\":{\"@id\":\"https:\\\/\\\/www.sdarm.ca\\\/fr#website\"},\"primaryImageOfPage\":{\"@id\":\"https:\\\/\\\/www.sdarm.ca\\\/fr\\\/concert-caritatif-de-printemps-a-toronto#primaryimage\"},\"image\":{\"@id\":\"https:\\\/\\\/www.sdarm.ca\\\/fr\\\/concert-caritatif-de-printemps-a-toronto#primaryimage\"},\"thumbnailUrl\":\"https:\\\/\\\/www.sdarm.ca\\\/wp-content\\\/uploads\\\/2023\\\/03\\\/Concert-Invitation.jpg\",\"datePublished\":\"2023-03-11T02:38:50+00:00\",\"dateModified\":\"2023-03-31T16:19:13+00:00\",\"breadcrumb\":{\"@id\":\"https:\\\/\\\/www.sdarm.ca\\\/fr\\\/concert-caritatif-de-printemps-a-toronto#breadcrumb\"},\"inLanguage\":\"fr-FR\",\"potentialAction\":[{\"@type\":\"ReadAction\",\"target\":[\"https:\\\/\\\/www.sdarm.ca\\\/fr\\\/concert-caritatif-de-printemps-a-toronto\"]}]},{\"@type\":\"ImageObject\",\"inLanguage\":\"fr-FR\",\"@id\":\"https:\\\/\\\/www.sdarm.ca\\\/fr\\\/concert-caritatif-de-printemps-a-toronto#primaryimage\",\"url\":\"https:\\\/\\\/www.sdarm.ca\\\/wp-content\\\/uploads\\\/2023\\\/03\\\/Concert-Invitation.jpg\",\"contentUrl\":\"https:\\\/\\\/www.sdarm.ca\\\/wp-content\\\/uploads\\\/2023\\\/03\\\/Concert-Invitation.jpg\",\"width\":718,\"height\":247},{\"@type\":\"BreadcrumbList\",\"@id\":\"https:\\\/\\\/www.sdarm.ca\\\/fr\\\/concert-caritatif-de-printemps-a-toronto#breadcrumb\",\"itemListElement\":[{\"@type\":\"ListItem\",\"position\":1,\"name\":\"Accueil\",\"item\":\"https:\\\/\\\/www.sdarm.ca\\\/fr\"},{\"@type\":\"ListItem\",\"position\":2,\"name\":\"Concert caritatif de printemps \u00e0 Toronto\"}]},{\"@type\":\"WebSite\",\"@id\":\"https:\\\/\\\/www.sdarm.ca\\\/fr#website\",\"url\":\"https:\\\/\\\/www.sdarm.ca\\\/fr\",\"name\":\"\u00c9glise Adventiste du Septi\u00e8me Jour Mouvement de R\u00e9forme - Champ Est-Canadien\",\"description\":\"Bienvenue sur le site web de notre \u00e9glise ! Dans ces pages, vous trouverez des informations sur notre \u00e9glise, nos minist\u00e8res, et surtout, qui est J\u00e9sus-Christ et comment vous pouvez commencer une relation personnelle avec Lui.  Nous esp\u00e9rons que vous serez b\u00e9nis par les sermons et les informations que vous trouverez ici. Plus important encore, nous esp\u00e9rons que vous d\u00e9couvrirez que l'amour de Dieu est inconditionnel.  \u00c0 l'\u00e9glise SDARM, notre d\u00e9sir est de faire une diff\u00e9rence au Canada et dans le monde. Nous aspirons \u00e0 \u00eatre une famille d'\u00e9glise qui accomplit la mission de Dieu. Venez nous rendre visite !\",\"publisher\":{\"@id\":\"https:\\\/\\\/www.sdarm.ca\\\/fr#organization\"},\"potentialAction\":[{\"@type\":\"SearchAction\",\"target\":{\"@type\":\"EntryPoint\",\"urlTemplate\":\"https:\\\/\\\/www.sdarm.ca\\\/fr?s={search_term_string}\"},\"query-input\":{\"@type\":\"PropertyValueSpecification\",\"valueRequired\":true,\"valueName\":\"search_term_string\"}}],\"inLanguage\":\"fr-FR\"},{\"@type\":\"Organization\",\"@id\":\"https:\\\/\\\/www.sdarm.ca\\\/fr#organization\",\"name\":\"\u00c9glise Adventiste du Septi\u00e8me Jour Mouvement de R\u00e9forme - Champ Est-Canadien\",\"url\":\"https:\\\/\\\/www.sdarm.ca\\\/fr\",\"logo\":{\"@type\":\"ImageObject\",\"inLanguage\":\"fr-FR\",\"@id\":\"https:\\\/\\\/www.sdarm.ca\\\/fr#\\\/schema\\\/logo\\\/image\\\/\",\"url\":\"https:\\\/\\\/www.sdarm.ca\\\/wp-content\\\/uploads\\\/2017\\\/01\\\/512x512-icon-logo_eglise.png\",\"contentUrl\":\"https:\\\/\\\/www.sdarm.ca\\\/wp-content\\\/uploads\\\/2017\\\/01\\\/512x512-icon-logo_eglise.png\",\"width\":512,\"height\":512,\"caption\":\"\u00c9glise Adventiste du Septi\u00e8me Jour Mouvement de R\u00e9forme - Champ Est-Canadien\"},\"image\":{\"@id\":\"https:\\\/\\\/www.sdarm.ca\\\/fr#\\\/schema\\\/logo\\\/image\\\/\"}},{\"@type\":\"Person\",\"@id\":\"https:\\\/\\\/www.sdarm.ca\\\/fr#\\\/schema\\\/person\\\/d86210e2680851b6f1c8b312ac686fa3\",\"name\":\"Etienne Lombard\",\"image\":{\"@type\":\"ImageObject\",\"inLanguage\":\"fr-FR\",\"@id\":\"https:\\\/\\\/secure.gravatar.com\\\/avatar\\\/d49599ed4f12df95ce0a3c30add96bfafb57b95047456fa7e9fbf16d89595f5d?s=96&d=mm&r=g\",\"url\":\"https:\\\/\\\/secure.gravatar.com\\\/avatar\\\/d49599ed4f12df95ce0a3c30add96bfafb57b95047456fa7e9fbf16d89595f5d?s=96&d=mm&r=g\",\"contentUrl\":\"https:\\\/\\\/secure.gravatar.com\\\/avatar\\\/d49599ed4f12df95ce0a3c30add96bfafb57b95047456fa7e9fbf16d89595f5d?s=96&d=mm&r=g\",\"caption\":\"Etienne Lombard\"},\"url\":\"https:\\\/\\\/www.sdarm.ca\\\/fr\\\/author\\\/etienne-lombard77\"}]}<\/script>\n<!-- \/ Yoast SEO plugin. -->","yoast_head_json":{"title":"Concert caritatif de printemps \u00e0 Toronto - \u00c9glise Adventiste du Septi\u00e8me Jour Mouvement de R\u00e9forme - Champ Est-Canadien","robots":{"index":"index","follow":"follow","max-snippet":"max-snippet:-1","max-image-preview":"max-image-preview:large","max-video-preview":"max-video-preview:-1"},"canonical":"https:\/\/www.sdarm.ca\/fr\/concert-caritatif-de-printemps-a-toronto","og_locale":"fr_FR","og_type":"article","og_title":"Concert caritatif de printemps \u00e0 Toronto - \u00c9glise Adventiste du Septi\u00e8me Jour Mouvement de R\u00e9forme - Champ Est-Canadien","og_description":"Notre concert de charit\u00e9 de printemps aura lieu le 7 mai 2023 dans notre \u00e9glise locale de Toronto. Plus de d\u00e9tails suivront \u00e0 l&rsquo;approche de la date. Pour toute demande de renseignements, veuillez contacter Tatjana Lukic: +1 (416) 806-5395Bianca Sirbu: +1 (647) 512-6246","og_url":"https:\/\/www.sdarm.ca\/fr\/concert-caritatif-de-printemps-a-toronto","og_site_name":"\u00c9glise Adventiste du Septi\u00e8me Jour Mouvement de R\u00e9forme - Champ Est-Canadien","article_published_time":"2023-03-11T02:38:50+00:00","article_modified_time":"2023-03-31T16:19:13+00:00","og_image":[{"width":718,"height":247,"url":"https:\/\/www.sdarm.ca\/wp-content\/uploads\/2023\/03\/Concert-Invitation.jpg","type":"image\/jpeg"}],"author":"Etienne Lombard","twitter_card":"summary_large_image","twitter_misc":{"\u00c9crit par":"Etienne Lombard"},"schema":{"@context":"https:\/\/schema.org","@graph":[{"@type":"Article","@id":"https:\/\/www.sdarm.ca\/fr\/concert-caritatif-de-printemps-a-toronto#article","isPartOf":{"@id":"https:\/\/www.sdarm.ca\/fr\/concert-caritatif-de-printemps-a-toronto"},"author":{"name":"Etienne Lombard","@id":"https:\/\/www.sdarm.ca\/fr#\/schema\/person\/d86210e2680851b6f1c8b312ac686fa3"},"headline":"Concert caritatif de printemps \u00e0 Toronto","datePublished":"2023-03-11T02:38:50+00:00","dateModified":"2023-03-31T16:19:13+00:00","mainEntityOfPage":{"@id":"https:\/\/www.sdarm.ca\/fr\/concert-caritatif-de-printemps-a-toronto"},"wordCount":44,"commentCount":0,"publisher":{"@id":"https:\/\/www.sdarm.ca\/fr#organization"},"image":{"@id":"https:\/\/www.sdarm.ca\/fr\/concert-caritatif-de-printemps-a-toronto#primaryimage"},"thumbnailUrl":"https:\/\/www.sdarm.ca\/wp-content\/uploads\/2023\/03\/Concert-Invitation.jpg","articleSection":["Non classifi\u00e9(e)"],"inLanguage":"fr-FR","potentialAction":[{"@type":"CommentAction","name":"Comment","target":["https:\/\/www.sdarm.ca\/fr\/concert-caritatif-de-printemps-a-toronto#respond"]}]},{"@type":"WebPage","@id":"https:\/\/www.sdarm.ca\/fr\/concert-caritatif-de-printemps-a-toronto","url":"https:\/\/www.sdarm.ca\/fr\/concert-caritatif-de-printemps-a-toronto","name":"Concert caritatif de printemps \u00e0 Toronto - \u00c9glise Adventiste du Septi\u00e8me Jour Mouvement de R\u00e9forme - Champ Est-Canadien","isPartOf":{"@id":"https:\/\/www.sdarm.ca\/fr#website"},"primaryImageOfPage":{"@id":"https:\/\/www.sdarm.ca\/fr\/concert-caritatif-de-printemps-a-toronto#primaryimage"},"image":{"@id":"https:\/\/www.sdarm.ca\/fr\/concert-caritatif-de-printemps-a-toronto#primaryimage"},"thumbnailUrl":"https:\/\/www.sdarm.ca\/wp-content\/uploads\/2023\/03\/Concert-Invitation.jpg","datePublished":"2023-03-11T02:38:50+00:00","dateModified":"2023-03-31T16:19:13+00:00","breadcrumb":{"@id":"https:\/\/www.sdarm.ca\/fr\/concert-caritatif-de-printemps-a-toronto#breadcrumb"},"inLanguage":"fr-FR","potentialAction":[{"@type":"ReadAction","target":["https:\/\/www.sdarm.ca\/fr\/concert-caritatif-de-printemps-a-toronto"]}]},{"@type":"ImageObject","inLanguage":"fr-FR","@id":"https:\/\/www.sdarm.ca\/fr\/concert-caritatif-de-printemps-a-toronto#primaryimage","url":"https:\/\/www.sdarm.ca\/wp-content\/uploads\/2023\/03\/Concert-Invitation.jpg","contentUrl":"https:\/\/www.sdarm.ca\/wp-content\/uploads\/2023\/03\/Concert-Invitation.jpg","width":718,"height":247},{"@type":"BreadcrumbList","@id":"https:\/\/www.sdarm.ca\/fr\/concert-caritatif-de-printemps-a-toronto#breadcrumb","itemListElement":[{"@type":"ListItem","position":1,"name":"Accueil","item":"https:\/\/www.sdarm.ca\/fr"},{"@type":"ListItem","position":2,"name":"Concert caritatif de printemps \u00e0 Toronto"}]},{"@type":"WebSite","@id":"https:\/\/www.sdarm.ca\/fr#website","url":"https:\/\/www.sdarm.ca\/fr","name":"\u00c9glise Adventiste du Septi\u00e8me Jour Mouvement de R\u00e9forme - Champ Est-Canadien","description":"Bienvenue sur le site web de notre \u00e9glise ! Dans ces pages, vous trouverez des informations sur notre \u00e9glise, nos minist\u00e8res, et surtout, qui est J\u00e9sus-Christ et comment vous pouvez commencer une relation personnelle avec Lui.  Nous esp\u00e9rons que vous serez b\u00e9nis par les sermons et les informations que vous trouverez ici. Plus important encore, nous esp\u00e9rons que vous d\u00e9couvrirez que l'amour de Dieu est inconditionnel.  \u00c0 l'\u00e9glise SDARM, notre d\u00e9sir est de faire une diff\u00e9rence au Canada et dans le monde. Nous aspirons \u00e0 \u00eatre une famille d'\u00e9glise qui accomplit la mission de Dieu. Venez nous rendre visite !","publisher":{"@id":"https:\/\/www.sdarm.ca\/fr#organization"},"potentialAction":[{"@type":"SearchAction","target":{"@type":"EntryPoint","urlTemplate":"https:\/\/www.sdarm.ca\/fr?s={search_term_string}"},"query-input":{"@type":"PropertyValueSpecification","valueRequired":true,"valueName":"search_term_string"}}],"inLanguage":"fr-FR"},{"@type":"Organization","@id":"https:\/\/www.sdarm.ca\/fr#organization","name":"\u00c9glise Adventiste du Septi\u00e8me Jour Mouvement de R\u00e9forme - Champ Est-Canadien","url":"https:\/\/www.sdarm.ca\/fr","logo":{"@type":"ImageObject","inLanguage":"fr-FR","@id":"https:\/\/www.sdarm.ca\/fr#\/schema\/logo\/image\/","url":"https:\/\/www.sdarm.ca\/wp-content\/uploads\/2017\/01\/512x512-icon-logo_eglise.png","contentUrl":"https:\/\/www.sdarm.ca\/wp-content\/uploads\/2017\/01\/512x512-icon-logo_eglise.png","width":512,"height":512,"caption":"\u00c9glise Adventiste du Septi\u00e8me Jour Mouvement de R\u00e9forme - Champ Est-Canadien"},"image":{"@id":"https:\/\/www.sdarm.ca\/fr#\/schema\/logo\/image\/"}},{"@type":"Person","@id":"https:\/\/www.sdarm.ca\/fr#\/schema\/person\/d86210e2680851b6f1c8b312ac686fa3","name":"Etienne Lombard","image":{"@type":"ImageObject","inLanguage":"fr-FR","@id":"https:\/\/secure.gravatar.com\/avatar\/d49599ed4f12df95ce0a3c30add96bfafb57b95047456fa7e9fbf16d89595f5d?s=96&d=mm&r=g","url":"https:\/\/secure.gravatar.com\/avatar\/d49599ed4f12df95ce0a3c30add96bfafb57b95047456fa7e9fbf16d89595f5d?s=96&d=mm&r=g","contentUrl":"https:\/\/secure.gravatar.com\/avatar\/d49599ed4f12df95ce0a3c30add96bfafb57b95047456fa7e9fbf16d89595f5d?s=96&d=mm&r=g","caption":"Etienne Lombard"},"url":"https:\/\/www.sdarm.ca\/fr\/author\/etienne-lombard77"}]}},"_links":{"self":[{"href":"https:\/\/www.sdarm.ca\/fr\/wp-json\/wp\/v2\/posts\/1760","targetHints":{"allow":["GET"]}}],"collection":[{"href":"https:\/\/www.sdarm.ca\/fr\/wp-json\/wp\/v2\/posts"}],"about":[{"href":"https:\/\/www.sdarm.ca\/fr\/wp-json\/wp\/v2\/types\/post"}],"author":[{"embeddable":true,"href":"https:\/\/www.sdarm.ca\/fr\/wp-json\/wp\/v2\/users\/1"}],"replies":[{"embeddable":true,"href":"https:\/\/www.sdarm.ca\/fr\/wp-json\/wp\/v2\/comments?post=1760"}],"version-history":[{"count":1,"href":"https:\/\/www.sdarm.ca\/fr\/wp-json\/wp\/v2\/posts\/1760\/revisions"}],"predecessor-version":[{"id":1761,"href":"https:\/\/www.sdarm.ca\/fr\/wp-json\/wp\/v2\/posts\/1760\/revisions\/1761"}],"wp:featuredmedia":[{"embeddable":true,"href":"https:\/\/www.sdarm.ca\/fr\/wp-json\/wp\/v2\/media\/1731"}],"wp:attachment":[{"href":"https:\/\/www.sdarm.ca\/fr\/wp-json\/wp\/v2\/media?parent=1760"}],"wp:term":[{"taxonomy":"category","embeddable":true,"href":"https:\/\/www.sdarm.ca\/fr\/wp-json\/wp\/v2\/categories?post=1760"},{"taxonomy":"post_tag","embeddable":true,"href":"https:\/\/www.sdarm.ca\/fr\/wp-json\/wp\/v2\/tags?post=1760"}],"curies":[{"name":"wp","href":"https:\/\/api.w.org\/{rel}","templated":true}]}}