{"id":1756,"date":"2023-03-31T10:46:00","date_gmt":"2023-03-31T14:46:00","guid":{"rendered":"https:\/\/www.sdarm.ca\/conference-de-mai-a-montreal-de-lhuile-dans-ma-lampe"},"modified":"2023-05-12T16:17:55","modified_gmt":"2023-05-12T20:17:55","slug":"conference-de-mai-a-montreal-de-lhuile-dans-ma-lampe","status":"publish","type":"post","link":"https:\/\/www.sdarm.ca\/fr\/conference-de-mai-a-montreal-de-lhuile-dans-ma-lampe","title":{"rendered":"Conf\u00e9rence de Mai \u00e0 Montr\u00e9al &#8211; De l&rsquo;huile dans ma lampe"},"content":{"rendered":"\n<p>L&rsquo;\u00c9glise de Montr\u00e9al aimerait vous inviter \u00e0 sa conf\u00e9rence, du 19 au 21 mai 2023. Le th\u00e8me est intitul\u00e9 \u00ab\u00a0De l&rsquo;huile dans ma lampe &#8211; Pr\u00e9paration \u00e0 la pluie de l&rsquo;arri\u00e8re-saison\u00a0\u00bb et sera pr\u00e9sent\u00e9 par le fr\u00e8re Peter D. Lausevic.<\/p>\n\n<div style=\"height:45px\" aria-hidden=\"true\" class=\"wp-block-spacer\"><\/div>\n\n<h2 class=\"wp-block-heading\">Programme :<\/h2>\n\n<p><strong>Vendredi 19 mai<\/strong> (\u00e0 l&rsquo;\u00e9glise)<\/p>\n\n<p>19h : Pr\u00e9sentation : \u00ab\u00a0Notre plus grand besoin\u00a0\u00bb<\/p>\n\n<p>20h23 Ouverture du sabbat<\/p>\n\n<p><strong>Sabbat 20 mai<\/strong> (\u00e0 l&rsquo;\u00e9glise)<\/p>\n\n<p>9h00 Service de chant<\/p>\n\n<p>9h30 \u00c9cole du sabbat<\/p>\n\n<p>11:00 Service divin \u00ab\u00a0Une vie de cons\u00e9cration\u00a0\u00bb.<\/p>\n\n<p>12h30 Bapt\u00eame et r\u00e9ception dans l&rsquo;\u00e9glise<\/p>\n\n<p>13h30 D\u00eener<\/p>\n\n<p>15h30 Service de cons\u00e9cration pastorale<\/p>\n\n<p>17h00 R\u00e9union de jeunesse \/ Concert spirituel<\/p>\n\n<p>19h00 Souper<\/p>\n\n<p>8:24 : Cl\u00f4ture du sabbat<\/p>\n\n<p><strong>Dimanche 21 mai<\/strong><\/p>\n\n<p>10h00 Jeux au parc Jean-Drapeau<\/p>\n\n<p>12 h Pique-nique au parc<\/p>\n\n<p>14 h Dernier service (\u00e0 l&rsquo;\u00e9glise) et cl\u00f4ture de la conf\u00e9rence : \u00ab\u00a0Manger de l&rsquo;arbre de vie\u00a0\u00bb<\/p>\n\n<hr class=\"wp-block-separator has-alpha-channel-opacity\"\/>\n\n<div style=\"height:46px\" aria-hidden=\"true\" class=\"wp-block-spacer\"><\/div>\n\n<p>Si vous avez besoin d&rsquo;un h\u00e9bergement, veuillez consulter les options suivantes :<\/p>\n\n<p><a href=\"https:\/\/www.mcgill.ca\/accommodations\/summer\/bmh\">https:\/\/www.mcgill.ca\/accommodations\/summer\/bmh<\/a><\/p>\n\n<p><a href=\"https:\/\/www.booking.com\/hotel\/ca\/bonsejour-apartments-dorval.en-gb.html\">https:\/\/www.booking.com\/hotel\/ca\/bonsejour-apartments-dorval.en-gb.html<\/a><\/p>\n\n<p>N&rsquo;h\u00e9sitez pas \u00e0 contacter le Fr\u00e8re Etienne Lombard au 514 773 8566 pour toute question. <\/p>\n\n<figure class=\"wp-block-image size-large\"><img loading=\"lazy\" decoding=\"async\" width=\"768\" height=\"1024\" src=\"https:\/\/www.sdarm.ca\/wp-content\/uploads\/2023\/03\/2023-Montreal-Conference-768x1024.png\" alt=\"\" class=\"wp-image-1753\" srcset=\"https:\/\/www.sdarm.ca\/wp-content\/uploads\/2023\/03\/2023-Montreal-Conference-768x1024.png 768w, https:\/\/www.sdarm.ca\/wp-content\/uploads\/2023\/03\/2023-Montreal-Conference-225x300.png 225w, https:\/\/www.sdarm.ca\/wp-content\/uploads\/2023\/03\/2023-Montreal-Conference-1152x1536.png 1152w, https:\/\/www.sdarm.ca\/wp-content\/uploads\/2023\/03\/2023-Montreal-Conference-1536x2048.png 1536w, https:\/\/www.sdarm.ca\/wp-content\/uploads\/2023\/03\/2023-Montreal-Conference-110x146.png 110w, https:\/\/www.sdarm.ca\/wp-content\/uploads\/2023\/03\/2023-Montreal-Conference-38x50.png 38w, https:\/\/www.sdarm.ca\/wp-content\/uploads\/2023\/03\/2023-Montreal-Conference-56x75.png 56w, https:\/\/www.sdarm.ca\/wp-content\/uploads\/2023\/03\/2023-Montreal-Conference.png 1728w\" sizes=\"auto, (max-width:767px) 480px, (max-width:768px) 100vw, 768px\" \/><\/figure>","protected":false},"excerpt":{"rendered":"<p>L&rsquo;\u00c9glise de Montr\u00e9al aimerait vous inviter \u00e0 sa conf\u00e9rence, du 19 au 21 mai 2023. Le th\u00e8me est intitul\u00e9 \u00ab\u00a0De l&rsquo;huile dans ma lampe &#8211; Pr\u00e9paration \u00e0 la pluie de l&rsquo;arri\u00e8re-saison\u00a0\u00bb et sera pr\u00e9sent\u00e9 par le fr\u00e8re Peter D. Lausevic. Programme : Vendredi 19 mai<span class=\"excerpt-hellip\"> [\u2026]<\/span><\/p>\n","protected":false},"author":1,"featured_media":1754,"comment_status":"open","ping_status":"open","sticky":false,"template":"","format":"standard","meta":{"footnotes":""},"categories":[25],"tags":[],"class_list":["post-1756","post","type-post","status-publish","format-standard","has-post-thumbnail","hentry","category-non-classifiee"],"yoast_head":"<!-- This site is optimized with the Yoast SEO plugin v27.5 - https:\/\/yoast.com\/product\/yoast-seo-wordpress\/ -->\n<title>Conf\u00e9rence de Mai \u00e0 Montr\u00e9al - De l&#039;huile dans ma lampe - \u00c9glise Adventiste du Septi\u00e8me Jour Mouvement de R\u00e9forme - Champ Est-Canadien<\/title>\n<meta name=\"robots\" content=\"index, follow, max-snippet:-1, max-image-preview:large, max-video-preview:-1\" \/>\n<link rel=\"canonical\" href=\"https:\/\/www.sdarm.ca\/fr\/conference-de-mai-a-montreal-de-lhuile-dans-ma-lampe\" \/>\n<meta property=\"og:locale\" content=\"fr_FR\" \/>\n<meta property=\"og:type\" content=\"article\" \/>\n<meta property=\"og:title\" content=\"Conf\u00e9rence de Mai \u00e0 Montr\u00e9al - De l&#039;huile dans ma lampe - \u00c9glise Adventiste du Septi\u00e8me Jour Mouvement de R\u00e9forme - Champ Est-Canadien\" \/>\n<meta property=\"og:description\" content=\"L&rsquo;\u00c9glise de Montr\u00e9al aimerait vous inviter \u00e0 sa conf\u00e9rence, du 19 au 21 mai 2023. Le th\u00e8me est intitul\u00e9 \u00ab\u00a0De l&rsquo;huile dans ma lampe &#8211; Pr\u00e9paration \u00e0 la pluie de l&rsquo;arri\u00e8re-saison\u00a0\u00bb et sera pr\u00e9sent\u00e9 par le fr\u00e8re Peter D. Lausevic. Programme : Vendredi 19 mai [\u2026]\" \/>\n<meta property=\"og:url\" content=\"https:\/\/www.sdarm.ca\/fr\/conference-de-mai-a-montreal-de-lhuile-dans-ma-lampe\" \/>\n<meta property=\"og:site_name\" content=\"\u00c9glise Adventiste du Septi\u00e8me Jour Mouvement de R\u00e9forme - Champ Est-Canadien\" \/>\n<meta property=\"article:published_time\" content=\"2023-03-31T14:46:00+00:00\" \/>\n<meta property=\"article:modified_time\" content=\"2023-05-12T20:17:55+00:00\" \/>\n<meta property=\"og:image\" content=\"https:\/\/www.sdarm.ca\/wp-content\/uploads\/2023\/03\/2023-Montreal-Conference.png\" \/>\n\t<meta property=\"og:image:width\" content=\"1728\" \/>\n\t<meta property=\"og:image:height\" content=\"2304\" \/>\n\t<meta property=\"og:image:type\" content=\"image\/png\" \/>\n<meta name=\"author\" content=\"Etienne Lombard\" \/>\n<meta name=\"twitter:card\" content=\"summary_large_image\" \/>\n<meta name=\"twitter:label1\" content=\"\u00c9crit par\" \/>\n\t<meta name=\"twitter:data1\" content=\"Etienne Lombard\" \/>\n\t<meta name=\"twitter:label2\" content=\"Dur\u00e9e de lecture estim\u00e9e\" \/>\n\t<meta name=\"twitter:data2\" content=\"1 minute\" \/>\n<script type=\"application\/ld+json\" class=\"yoast-schema-graph\">{\"@context\":\"https:\\\/\\\/schema.org\",\"@graph\":[{\"@type\":\"Article\",\"@id\":\"https:\\\/\\\/www.sdarm.ca\\\/fr\\\/conference-de-mai-a-montreal-de-lhuile-dans-ma-lampe#article\",\"isPartOf\":{\"@id\":\"https:\\\/\\\/www.sdarm.ca\\\/fr\\\/conference-de-mai-a-montreal-de-lhuile-dans-ma-lampe\"},\"author\":{\"name\":\"Etienne Lombard\",\"@id\":\"https:\\\/\\\/www.sdarm.ca\\\/fr#\\\/schema\\\/person\\\/d86210e2680851b6f1c8b312ac686fa3\"},\"headline\":\"Conf\u00e9rence de Mai \u00e0 Montr\u00e9al &#8211; De l&rsquo;huile dans ma lampe\",\"datePublished\":\"2023-03-31T14:46:00+00:00\",\"dateModified\":\"2023-05-12T20:17:55+00:00\",\"mainEntityOfPage\":{\"@id\":\"https:\\\/\\\/www.sdarm.ca\\\/fr\\\/conference-de-mai-a-montreal-de-lhuile-dans-ma-lampe\"},\"wordCount\":196,\"commentCount\":0,\"publisher\":{\"@id\":\"https:\\\/\\\/www.sdarm.ca\\\/fr#organization\"},\"image\":{\"@id\":\"https:\\\/\\\/www.sdarm.ca\\\/fr\\\/conference-de-mai-a-montreal-de-lhuile-dans-ma-lampe#primaryimage\"},\"thumbnailUrl\":\"https:\\\/\\\/www.sdarm.ca\\\/wp-content\\\/uploads\\\/2023\\\/03\\\/2023-Montreal-Conference.png\",\"articleSection\":[\"Non classifi\u00e9(e)\"],\"inLanguage\":\"fr-FR\",\"potentialAction\":[{\"@type\":\"CommentAction\",\"name\":\"Comment\",\"target\":[\"https:\\\/\\\/www.sdarm.ca\\\/fr\\\/conference-de-mai-a-montreal-de-lhuile-dans-ma-lampe#respond\"]}]},{\"@type\":\"WebPage\",\"@id\":\"https:\\\/\\\/www.sdarm.ca\\\/fr\\\/conference-de-mai-a-montreal-de-lhuile-dans-ma-lampe\",\"url\":\"https:\\\/\\\/www.sdarm.ca\\\/fr\\\/conference-de-mai-a-montreal-de-lhuile-dans-ma-lampe\",\"name\":\"Conf\u00e9rence de Mai \u00e0 Montr\u00e9al - De l'huile dans ma lampe - \u00c9glise Adventiste du Septi\u00e8me Jour Mouvement de R\u00e9forme - Champ Est-Canadien\",\"isPartOf\":{\"@id\":\"https:\\\/\\\/www.sdarm.ca\\\/fr#website\"},\"primaryImageOfPage\":{\"@id\":\"https:\\\/\\\/www.sdarm.ca\\\/fr\\\/conference-de-mai-a-montreal-de-lhuile-dans-ma-lampe#primaryimage\"},\"image\":{\"@id\":\"https:\\\/\\\/www.sdarm.ca\\\/fr\\\/conference-de-mai-a-montreal-de-lhuile-dans-ma-lampe#primaryimage\"},\"thumbnailUrl\":\"https:\\\/\\\/www.sdarm.ca\\\/wp-content\\\/uploads\\\/2023\\\/03\\\/2023-Montreal-Conference.png\",\"datePublished\":\"2023-03-31T14:46:00+00:00\",\"dateModified\":\"2023-05-12T20:17:55+00:00\",\"breadcrumb\":{\"@id\":\"https:\\\/\\\/www.sdarm.ca\\\/fr\\\/conference-de-mai-a-montreal-de-lhuile-dans-ma-lampe#breadcrumb\"},\"inLanguage\":\"fr-FR\",\"potentialAction\":[{\"@type\":\"ReadAction\",\"target\":[\"https:\\\/\\\/www.sdarm.ca\\\/fr\\\/conference-de-mai-a-montreal-de-lhuile-dans-ma-lampe\"]}]},{\"@type\":\"ImageObject\",\"inLanguage\":\"fr-FR\",\"@id\":\"https:\\\/\\\/www.sdarm.ca\\\/fr\\\/conference-de-mai-a-montreal-de-lhuile-dans-ma-lampe#primaryimage\",\"url\":\"https:\\\/\\\/www.sdarm.ca\\\/wp-content\\\/uploads\\\/2023\\\/03\\\/2023-Montreal-Conference.png\",\"contentUrl\":\"https:\\\/\\\/www.sdarm.ca\\\/wp-content\\\/uploads\\\/2023\\\/03\\\/2023-Montreal-Conference.png\",\"width\":1728,\"height\":2304},{\"@type\":\"BreadcrumbList\",\"@id\":\"https:\\\/\\\/www.sdarm.ca\\\/fr\\\/conference-de-mai-a-montreal-de-lhuile-dans-ma-lampe#breadcrumb\",\"itemListElement\":[{\"@type\":\"ListItem\",\"position\":1,\"name\":\"Accueil\",\"item\":\"https:\\\/\\\/www.sdarm.ca\\\/fr\"},{\"@type\":\"ListItem\",\"position\":2,\"name\":\"Conf\u00e9rence de Mai \u00e0 Montr\u00e9al &#8211; De l&#8217;huile dans ma lampe\"}]},{\"@type\":\"WebSite\",\"@id\":\"https:\\\/\\\/www.sdarm.ca\\\/fr#website\",\"url\":\"https:\\\/\\\/www.sdarm.ca\\\/fr\",\"name\":\"\u00c9glise Adventiste du Septi\u00e8me Jour Mouvement de R\u00e9forme - Champ Est-Canadien\",\"description\":\"Bienvenue sur le site web de notre \u00e9glise ! Dans ces pages, vous trouverez des informations sur notre \u00e9glise, nos minist\u00e8res, et surtout, qui est J\u00e9sus-Christ et comment vous pouvez commencer une relation personnelle avec Lui.  Nous esp\u00e9rons que vous serez b\u00e9nis par les sermons et les informations que vous trouverez ici. Plus important encore, nous esp\u00e9rons que vous d\u00e9couvrirez que l'amour de Dieu est inconditionnel.  \u00c0 l'\u00e9glise SDARM, notre d\u00e9sir est de faire une diff\u00e9rence au Canada et dans le monde. Nous aspirons \u00e0 \u00eatre une famille d'\u00e9glise qui accomplit la mission de Dieu. Venez nous rendre visite !\",\"publisher\":{\"@id\":\"https:\\\/\\\/www.sdarm.ca\\\/fr#organization\"},\"potentialAction\":[{\"@type\":\"SearchAction\",\"target\":{\"@type\":\"EntryPoint\",\"urlTemplate\":\"https:\\\/\\\/www.sdarm.ca\\\/fr?s={search_term_string}\"},\"query-input\":{\"@type\":\"PropertyValueSpecification\",\"valueRequired\":true,\"valueName\":\"search_term_string\"}}],\"inLanguage\":\"fr-FR\"},{\"@type\":\"Organization\",\"@id\":\"https:\\\/\\\/www.sdarm.ca\\\/fr#organization\",\"name\":\"\u00c9glise Adventiste du Septi\u00e8me Jour Mouvement de R\u00e9forme - Champ Est-Canadien\",\"url\":\"https:\\\/\\\/www.sdarm.ca\\\/fr\",\"logo\":{\"@type\":\"ImageObject\",\"inLanguage\":\"fr-FR\",\"@id\":\"https:\\\/\\\/www.sdarm.ca\\\/fr#\\\/schema\\\/logo\\\/image\\\/\",\"url\":\"https:\\\/\\\/www.sdarm.ca\\\/wp-content\\\/uploads\\\/2017\\\/01\\\/512x512-icon-logo_eglise.png\",\"contentUrl\":\"https:\\\/\\\/www.sdarm.ca\\\/wp-content\\\/uploads\\\/2017\\\/01\\\/512x512-icon-logo_eglise.png\",\"width\":512,\"height\":512,\"caption\":\"\u00c9glise Adventiste du Septi\u00e8me Jour Mouvement de R\u00e9forme - Champ Est-Canadien\"},\"image\":{\"@id\":\"https:\\\/\\\/www.sdarm.ca\\\/fr#\\\/schema\\\/logo\\\/image\\\/\"}},{\"@type\":\"Person\",\"@id\":\"https:\\\/\\\/www.sdarm.ca\\\/fr#\\\/schema\\\/person\\\/d86210e2680851b6f1c8b312ac686fa3\",\"name\":\"Etienne Lombard\",\"image\":{\"@type\":\"ImageObject\",\"inLanguage\":\"fr-FR\",\"@id\":\"https:\\\/\\\/secure.gravatar.com\\\/avatar\\\/d49599ed4f12df95ce0a3c30add96bfafb57b95047456fa7e9fbf16d89595f5d?s=96&d=mm&r=g\",\"url\":\"https:\\\/\\\/secure.gravatar.com\\\/avatar\\\/d49599ed4f12df95ce0a3c30add96bfafb57b95047456fa7e9fbf16d89595f5d?s=96&d=mm&r=g\",\"contentUrl\":\"https:\\\/\\\/secure.gravatar.com\\\/avatar\\\/d49599ed4f12df95ce0a3c30add96bfafb57b95047456fa7e9fbf16d89595f5d?s=96&d=mm&r=g\",\"caption\":\"Etienne Lombard\"},\"url\":\"https:\\\/\\\/www.sdarm.ca\\\/fr\\\/author\\\/etienne-lombard77\"}]}<\/script>\n<!-- \/ Yoast SEO plugin. -->","yoast_head_json":{"title":"Conf\u00e9rence de Mai \u00e0 Montr\u00e9al - De l'huile dans ma lampe - \u00c9glise Adventiste du Septi\u00e8me Jour Mouvement de R\u00e9forme - Champ Est-Canadien","robots":{"index":"index","follow":"follow","max-snippet":"max-snippet:-1","max-image-preview":"max-image-preview:large","max-video-preview":"max-video-preview:-1"},"canonical":"https:\/\/www.sdarm.ca\/fr\/conference-de-mai-a-montreal-de-lhuile-dans-ma-lampe","og_locale":"fr_FR","og_type":"article","og_title":"Conf\u00e9rence de Mai \u00e0 Montr\u00e9al - De l'huile dans ma lampe - \u00c9glise Adventiste du Septi\u00e8me Jour Mouvement de R\u00e9forme - Champ Est-Canadien","og_description":"L&rsquo;\u00c9glise de Montr\u00e9al aimerait vous inviter \u00e0 sa conf\u00e9rence, du 19 au 21 mai 2023. Le th\u00e8me est intitul\u00e9 \u00ab\u00a0De l&rsquo;huile dans ma lampe &#8211; Pr\u00e9paration \u00e0 la pluie de l&rsquo;arri\u00e8re-saison\u00a0\u00bb et sera pr\u00e9sent\u00e9 par le fr\u00e8re Peter D. Lausevic. Programme : Vendredi 19 mai [\u2026]","og_url":"https:\/\/www.sdarm.ca\/fr\/conference-de-mai-a-montreal-de-lhuile-dans-ma-lampe","og_site_name":"\u00c9glise Adventiste du Septi\u00e8me Jour Mouvement de R\u00e9forme - Champ Est-Canadien","article_published_time":"2023-03-31T14:46:00+00:00","article_modified_time":"2023-05-12T20:17:55+00:00","og_image":[{"width":1728,"height":2304,"url":"https:\/\/www.sdarm.ca\/wp-content\/uploads\/2023\/03\/2023-Montreal-Conference.png","type":"image\/png"}],"author":"Etienne Lombard","twitter_card":"summary_large_image","twitter_misc":{"\u00c9crit par":"Etienne Lombard","Dur\u00e9e de lecture estim\u00e9e":"1 minute"},"schema":{"@context":"https:\/\/schema.org","@graph":[{"@type":"Article","@id":"https:\/\/www.sdarm.ca\/fr\/conference-de-mai-a-montreal-de-lhuile-dans-ma-lampe#article","isPartOf":{"@id":"https:\/\/www.sdarm.ca\/fr\/conference-de-mai-a-montreal-de-lhuile-dans-ma-lampe"},"author":{"name":"Etienne Lombard","@id":"https:\/\/www.sdarm.ca\/fr#\/schema\/person\/d86210e2680851b6f1c8b312ac686fa3"},"headline":"Conf\u00e9rence de Mai \u00e0 Montr\u00e9al &#8211; De l&rsquo;huile dans ma lampe","datePublished":"2023-03-31T14:46:00+00:00","dateModified":"2023-05-12T20:17:55+00:00","mainEntityOfPage":{"@id":"https:\/\/www.sdarm.ca\/fr\/conference-de-mai-a-montreal-de-lhuile-dans-ma-lampe"},"wordCount":196,"commentCount":0,"publisher":{"@id":"https:\/\/www.sdarm.ca\/fr#organization"},"image":{"@id":"https:\/\/www.sdarm.ca\/fr\/conference-de-mai-a-montreal-de-lhuile-dans-ma-lampe#primaryimage"},"thumbnailUrl":"https:\/\/www.sdarm.ca\/wp-content\/uploads\/2023\/03\/2023-Montreal-Conference.png","articleSection":["Non classifi\u00e9(e)"],"inLanguage":"fr-FR","potentialAction":[{"@type":"CommentAction","name":"Comment","target":["https:\/\/www.sdarm.ca\/fr\/conference-de-mai-a-montreal-de-lhuile-dans-ma-lampe#respond"]}]},{"@type":"WebPage","@id":"https:\/\/www.sdarm.ca\/fr\/conference-de-mai-a-montreal-de-lhuile-dans-ma-lampe","url":"https:\/\/www.sdarm.ca\/fr\/conference-de-mai-a-montreal-de-lhuile-dans-ma-lampe","name":"Conf\u00e9rence de Mai \u00e0 Montr\u00e9al - De l'huile dans ma lampe - \u00c9glise Adventiste du Septi\u00e8me Jour Mouvement de R\u00e9forme - Champ Est-Canadien","isPartOf":{"@id":"https:\/\/www.sdarm.ca\/fr#website"},"primaryImageOfPage":{"@id":"https:\/\/www.sdarm.ca\/fr\/conference-de-mai-a-montreal-de-lhuile-dans-ma-lampe#primaryimage"},"image":{"@id":"https:\/\/www.sdarm.ca\/fr\/conference-de-mai-a-montreal-de-lhuile-dans-ma-lampe#primaryimage"},"thumbnailUrl":"https:\/\/www.sdarm.ca\/wp-content\/uploads\/2023\/03\/2023-Montreal-Conference.png","datePublished":"2023-03-31T14:46:00+00:00","dateModified":"2023-05-12T20:17:55+00:00","breadcrumb":{"@id":"https:\/\/www.sdarm.ca\/fr\/conference-de-mai-a-montreal-de-lhuile-dans-ma-lampe#breadcrumb"},"inLanguage":"fr-FR","potentialAction":[{"@type":"ReadAction","target":["https:\/\/www.sdarm.ca\/fr\/conference-de-mai-a-montreal-de-lhuile-dans-ma-lampe"]}]},{"@type":"ImageObject","inLanguage":"fr-FR","@id":"https:\/\/www.sdarm.ca\/fr\/conference-de-mai-a-montreal-de-lhuile-dans-ma-lampe#primaryimage","url":"https:\/\/www.sdarm.ca\/wp-content\/uploads\/2023\/03\/2023-Montreal-Conference.png","contentUrl":"https:\/\/www.sdarm.ca\/wp-content\/uploads\/2023\/03\/2023-Montreal-Conference.png","width":1728,"height":2304},{"@type":"BreadcrumbList","@id":"https:\/\/www.sdarm.ca\/fr\/conference-de-mai-a-montreal-de-lhuile-dans-ma-lampe#breadcrumb","itemListElement":[{"@type":"ListItem","position":1,"name":"Accueil","item":"https:\/\/www.sdarm.ca\/fr"},{"@type":"ListItem","position":2,"name":"Conf\u00e9rence de Mai \u00e0 Montr\u00e9al &#8211; De l&#8217;huile dans ma lampe"}]},{"@type":"WebSite","@id":"https:\/\/www.sdarm.ca\/fr#website","url":"https:\/\/www.sdarm.ca\/fr","name":"\u00c9glise Adventiste du Septi\u00e8me Jour Mouvement de R\u00e9forme - Champ Est-Canadien","description":"Bienvenue sur le site web de notre \u00e9glise ! Dans ces pages, vous trouverez des informations sur notre \u00e9glise, nos minist\u00e8res, et surtout, qui est J\u00e9sus-Christ et comment vous pouvez commencer une relation personnelle avec Lui.  Nous esp\u00e9rons que vous serez b\u00e9nis par les sermons et les informations que vous trouverez ici. Plus important encore, nous esp\u00e9rons que vous d\u00e9couvrirez que l'amour de Dieu est inconditionnel.  \u00c0 l'\u00e9glise SDARM, notre d\u00e9sir est de faire une diff\u00e9rence au Canada et dans le monde. Nous aspirons \u00e0 \u00eatre une famille d'\u00e9glise qui accomplit la mission de Dieu. Venez nous rendre visite !","publisher":{"@id":"https:\/\/www.sdarm.ca\/fr#organization"},"potentialAction":[{"@type":"SearchAction","target":{"@type":"EntryPoint","urlTemplate":"https:\/\/www.sdarm.ca\/fr?s={search_term_string}"},"query-input":{"@type":"PropertyValueSpecification","valueRequired":true,"valueName":"search_term_string"}}],"inLanguage":"fr-FR"},{"@type":"Organization","@id":"https:\/\/www.sdarm.ca\/fr#organization","name":"\u00c9glise Adventiste du Septi\u00e8me Jour Mouvement de R\u00e9forme - Champ Est-Canadien","url":"https:\/\/www.sdarm.ca\/fr","logo":{"@type":"ImageObject","inLanguage":"fr-FR","@id":"https:\/\/www.sdarm.ca\/fr#\/schema\/logo\/image\/","url":"https:\/\/www.sdarm.ca\/wp-content\/uploads\/2017\/01\/512x512-icon-logo_eglise.png","contentUrl":"https:\/\/www.sdarm.ca\/wp-content\/uploads\/2017\/01\/512x512-icon-logo_eglise.png","width":512,"height":512,"caption":"\u00c9glise Adventiste du Septi\u00e8me Jour Mouvement de R\u00e9forme - Champ Est-Canadien"},"image":{"@id":"https:\/\/www.sdarm.ca\/fr#\/schema\/logo\/image\/"}},{"@type":"Person","@id":"https:\/\/www.sdarm.ca\/fr#\/schema\/person\/d86210e2680851b6f1c8b312ac686fa3","name":"Etienne Lombard","image":{"@type":"ImageObject","inLanguage":"fr-FR","@id":"https:\/\/secure.gravatar.com\/avatar\/d49599ed4f12df95ce0a3c30add96bfafb57b95047456fa7e9fbf16d89595f5d?s=96&d=mm&r=g","url":"https:\/\/secure.gravatar.com\/avatar\/d49599ed4f12df95ce0a3c30add96bfafb57b95047456fa7e9fbf16d89595f5d?s=96&d=mm&r=g","contentUrl":"https:\/\/secure.gravatar.com\/avatar\/d49599ed4f12df95ce0a3c30add96bfafb57b95047456fa7e9fbf16d89595f5d?s=96&d=mm&r=g","caption":"Etienne Lombard"},"url":"https:\/\/www.sdarm.ca\/fr\/author\/etienne-lombard77"}]}},"_links":{"self":[{"href":"https:\/\/www.sdarm.ca\/fr\/wp-json\/wp\/v2\/posts\/1756","targetHints":{"allow":["GET"]}}],"collection":[{"href":"https:\/\/www.sdarm.ca\/fr\/wp-json\/wp\/v2\/posts"}],"about":[{"href":"https:\/\/www.sdarm.ca\/fr\/wp-json\/wp\/v2\/types\/post"}],"author":[{"embeddable":true,"href":"https:\/\/www.sdarm.ca\/fr\/wp-json\/wp\/v2\/users\/1"}],"replies":[{"embeddable":true,"href":"https:\/\/www.sdarm.ca\/fr\/wp-json\/wp\/v2\/comments?post=1756"}],"version-history":[{"count":2,"href":"https:\/\/www.sdarm.ca\/fr\/wp-json\/wp\/v2\/posts\/1756\/revisions"}],"predecessor-version":[{"id":1833,"href":"https:\/\/www.sdarm.ca\/fr\/wp-json\/wp\/v2\/posts\/1756\/revisions\/1833"}],"wp:featuredmedia":[{"embeddable":true,"href":"https:\/\/www.sdarm.ca\/fr\/wp-json\/wp\/v2\/media\/1754"}],"wp:attachment":[{"href":"https:\/\/www.sdarm.ca\/fr\/wp-json\/wp\/v2\/media?parent=1756"}],"wp:term":[{"taxonomy":"category","embeddable":true,"href":"https:\/\/www.sdarm.ca\/fr\/wp-json\/wp\/v2\/categories?post=1756"},{"taxonomy":"post_tag","embeddable":true,"href":"https:\/\/www.sdarm.ca\/fr\/wp-json\/wp\/v2\/tags?post=1756"}],"curies":[{"name":"wp","href":"https:\/\/api.w.org\/{rel}","templated":true}]}}