{"id":1697,"date":"2023-01-27T20:52:14","date_gmt":"2023-01-28T01:52:14","guid":{"rendered":"https:\/\/www.sdarm.ca\/2023-retraite-des-jeunes-enfants-shalom-by-the-lake"},"modified":"2023-02-17T10:16:18","modified_gmt":"2023-02-17T15:16:18","slug":"2023-retraite-des-jeunes-enfants-shalom-by-the-lake","status":"publish","type":"post","link":"https:\/\/www.sdarm.ca\/fr\/2023-retraite-des-jeunes-enfants-shalom-by-the-lake","title":{"rendered":"2023 Retraite des jeunes\/enfants (Shalom-by-the-Lake)"},"content":{"rendered":"\n<p>Le d\u00e9partement de jeunesse aimerait vous inviter \u00e0 participer \u00e0 notre retraite pour jeunes\/enfants \u00e0 Shalom-by-the-Lake, du 17 au 20 f\u00e9vrier 2023.<\/p>\n\n<p>Le th\u00e8me est: \u201c<strong>Les m\u00e9dias sociaux : Mal\u00e9diction ou b\u00e9n\u00e9diction ?<\/strong>\u201d<\/p>\n","protected":false},"excerpt":{"rendered":"<p>Le d\u00e9partement de jeunesse aimerait vous inviter \u00e0 participer \u00e0 notre retraite pour jeunes\/enfants \u00e0 Shalom-by-the-Lake, du 17 au 20 f\u00e9vrier 2023. Le th\u00e8me est: \u201cLes m\u00e9dias sociaux : Mal\u00e9diction ou b\u00e9n\u00e9diction ?\u201d<\/p>\n","protected":false},"author":1,"featured_media":1710,"comment_status":"open","ping_status":"open","sticky":false,"template":"","format":"standard","meta":{"footnotes":""},"categories":[25],"tags":[],"class_list":["post-1697","post","type-post","status-publish","format-standard","has-post-thumbnail","hentry","category-non-classifiee"],"yoast_head":"<!-- This site is optimized with the Yoast SEO plugin v27.5 - https:\/\/yoast.com\/product\/yoast-seo-wordpress\/ -->\n<title>2023 Retraite des jeunes\/enfants (Shalom-by-the-Lake) - \u00c9glise Adventiste du Septi\u00e8me Jour Mouvement de R\u00e9forme - Champ Est-Canadien<\/title>\n<meta name=\"robots\" content=\"index, follow, max-snippet:-1, max-image-preview:large, max-video-preview:-1\" \/>\n<link rel=\"canonical\" href=\"https:\/\/www.sdarm.ca\/fr\/2023-retraite-des-jeunes-enfants-shalom-by-the-lake\" \/>\n<meta property=\"og:locale\" content=\"fr_FR\" \/>\n<meta property=\"og:type\" content=\"article\" \/>\n<meta property=\"og:title\" content=\"2023 Retraite des jeunes\/enfants (Shalom-by-the-Lake) - \u00c9glise Adventiste du Septi\u00e8me Jour Mouvement de R\u00e9forme - Champ Est-Canadien\" \/>\n<meta property=\"og:description\" content=\"Le d\u00e9partement de jeunesse aimerait vous inviter \u00e0 participer \u00e0 notre retraite pour jeunes\/enfants \u00e0 Shalom-by-the-Lake, du 17 au 20 f\u00e9vrier 2023. Le th\u00e8me est: \u201cLes m\u00e9dias sociaux : Mal\u00e9diction ou b\u00e9n\u00e9diction ?\u201d\" \/>\n<meta property=\"og:url\" content=\"https:\/\/www.sdarm.ca\/fr\/2023-retraite-des-jeunes-enfants-shalom-by-the-lake\" \/>\n<meta property=\"og:site_name\" content=\"\u00c9glise Adventiste du Septi\u00e8me Jour Mouvement de R\u00e9forme - Champ Est-Canadien\" \/>\n<meta property=\"article:published_time\" content=\"2023-01-28T01:52:14+00:00\" \/>\n<meta property=\"article:modified_time\" content=\"2023-02-17T15:16:18+00:00\" \/>\n<meta property=\"og:image\" content=\"https:\/\/www.sdarm.ca\/wp-content\/uploads\/2023\/01\/2023-Shalom-Flyer.png\" \/>\n\t<meta property=\"og:image:width\" content=\"1294\" \/>\n\t<meta property=\"og:image:height\" content=\"2000\" \/>\n\t<meta property=\"og:image:type\" content=\"image\/png\" \/>\n<meta name=\"author\" content=\"Etienne Lombard\" \/>\n<meta name=\"twitter:card\" content=\"summary_large_image\" \/>\n<meta name=\"twitter:label1\" content=\"\u00c9crit par\" \/>\n\t<meta name=\"twitter:data1\" content=\"Etienne Lombard\" \/>\n<script type=\"application\/ld+json\" class=\"yoast-schema-graph\">{\"@context\":\"https:\\\/\\\/schema.org\",\"@graph\":[{\"@type\":\"Article\",\"@id\":\"https:\\\/\\\/www.sdarm.ca\\\/fr\\\/2023-retraite-des-jeunes-enfants-shalom-by-the-lake#article\",\"isPartOf\":{\"@id\":\"https:\\\/\\\/www.sdarm.ca\\\/fr\\\/2023-retraite-des-jeunes-enfants-shalom-by-the-lake\"},\"author\":{\"name\":\"Etienne Lombard\",\"@id\":\"https:\\\/\\\/www.sdarm.ca\\\/fr#\\\/schema\\\/person\\\/d86210e2680851b6f1c8b312ac686fa3\"},\"headline\":\"2023 Retraite des jeunes\\\/enfants (Shalom-by-the-Lake)\",\"datePublished\":\"2023-01-28T01:52:14+00:00\",\"dateModified\":\"2023-02-17T15:16:18+00:00\",\"mainEntityOfPage\":{\"@id\":\"https:\\\/\\\/www.sdarm.ca\\\/fr\\\/2023-retraite-des-jeunes-enfants-shalom-by-the-lake\"},\"wordCount\":38,\"commentCount\":0,\"publisher\":{\"@id\":\"https:\\\/\\\/www.sdarm.ca\\\/fr#organization\"},\"image\":{\"@id\":\"https:\\\/\\\/www.sdarm.ca\\\/fr\\\/2023-retraite-des-jeunes-enfants-shalom-by-the-lake#primaryimage\"},\"thumbnailUrl\":\"https:\\\/\\\/www.sdarm.ca\\\/wp-content\\\/uploads\\\/2023\\\/01\\\/2023-Shalom-Flyer.png\",\"articleSection\":[\"Non classifi\u00e9(e)\"],\"inLanguage\":\"fr-FR\",\"potentialAction\":[{\"@type\":\"CommentAction\",\"name\":\"Comment\",\"target\":[\"https:\\\/\\\/www.sdarm.ca\\\/fr\\\/2023-retraite-des-jeunes-enfants-shalom-by-the-lake#respond\"]}]},{\"@type\":\"WebPage\",\"@id\":\"https:\\\/\\\/www.sdarm.ca\\\/fr\\\/2023-retraite-des-jeunes-enfants-shalom-by-the-lake\",\"url\":\"https:\\\/\\\/www.sdarm.ca\\\/fr\\\/2023-retraite-des-jeunes-enfants-shalom-by-the-lake\",\"name\":\"2023 Retraite des jeunes\\\/enfants (Shalom-by-the-Lake) - \u00c9glise Adventiste du Septi\u00e8me Jour Mouvement de R\u00e9forme - Champ Est-Canadien\",\"isPartOf\":{\"@id\":\"https:\\\/\\\/www.sdarm.ca\\\/fr#website\"},\"primaryImageOfPage\":{\"@id\":\"https:\\\/\\\/www.sdarm.ca\\\/fr\\\/2023-retraite-des-jeunes-enfants-shalom-by-the-lake#primaryimage\"},\"image\":{\"@id\":\"https:\\\/\\\/www.sdarm.ca\\\/fr\\\/2023-retraite-des-jeunes-enfants-shalom-by-the-lake#primaryimage\"},\"thumbnailUrl\":\"https:\\\/\\\/www.sdarm.ca\\\/wp-content\\\/uploads\\\/2023\\\/01\\\/2023-Shalom-Flyer.png\",\"datePublished\":\"2023-01-28T01:52:14+00:00\",\"dateModified\":\"2023-02-17T15:16:18+00:00\",\"breadcrumb\":{\"@id\":\"https:\\\/\\\/www.sdarm.ca\\\/fr\\\/2023-retraite-des-jeunes-enfants-shalom-by-the-lake#breadcrumb\"},\"inLanguage\":\"fr-FR\",\"potentialAction\":[{\"@type\":\"ReadAction\",\"target\":[\"https:\\\/\\\/www.sdarm.ca\\\/fr\\\/2023-retraite-des-jeunes-enfants-shalom-by-the-lake\"]}]},{\"@type\":\"ImageObject\",\"inLanguage\":\"fr-FR\",\"@id\":\"https:\\\/\\\/www.sdarm.ca\\\/fr\\\/2023-retraite-des-jeunes-enfants-shalom-by-the-lake#primaryimage\",\"url\":\"https:\\\/\\\/www.sdarm.ca\\\/wp-content\\\/uploads\\\/2023\\\/01\\\/2023-Shalom-Flyer.png\",\"contentUrl\":\"https:\\\/\\\/www.sdarm.ca\\\/wp-content\\\/uploads\\\/2023\\\/01\\\/2023-Shalom-Flyer.png\",\"width\":1294,\"height\":2000},{\"@type\":\"BreadcrumbList\",\"@id\":\"https:\\\/\\\/www.sdarm.ca\\\/fr\\\/2023-retraite-des-jeunes-enfants-shalom-by-the-lake#breadcrumb\",\"itemListElement\":[{\"@type\":\"ListItem\",\"position\":1,\"name\":\"Accueil\",\"item\":\"https:\\\/\\\/www.sdarm.ca\\\/fr\"},{\"@type\":\"ListItem\",\"position\":2,\"name\":\"2023 Retraite des jeunes\\\/enfants (Shalom-by-the-Lake)\"}]},{\"@type\":\"WebSite\",\"@id\":\"https:\\\/\\\/www.sdarm.ca\\\/fr#website\",\"url\":\"https:\\\/\\\/www.sdarm.ca\\\/fr\",\"name\":\"\u00c9glise Adventiste du Septi\u00e8me Jour Mouvement de R\u00e9forme - Champ Est-Canadien\",\"description\":\"Bienvenue sur le site web de notre \u00e9glise ! Dans ces pages, vous trouverez des informations sur notre \u00e9glise, nos minist\u00e8res, et surtout, qui est J\u00e9sus-Christ et comment vous pouvez commencer une relation personnelle avec Lui.  Nous esp\u00e9rons que vous serez b\u00e9nis par les sermons et les informations que vous trouverez ici. Plus important encore, nous esp\u00e9rons que vous d\u00e9couvrirez que l'amour de Dieu est inconditionnel.  \u00c0 l'\u00e9glise SDARM, notre d\u00e9sir est de faire une diff\u00e9rence au Canada et dans le monde. Nous aspirons \u00e0 \u00eatre une famille d'\u00e9glise qui accomplit la mission de Dieu. Venez nous rendre visite !\",\"publisher\":{\"@id\":\"https:\\\/\\\/www.sdarm.ca\\\/fr#organization\"},\"potentialAction\":[{\"@type\":\"SearchAction\",\"target\":{\"@type\":\"EntryPoint\",\"urlTemplate\":\"https:\\\/\\\/www.sdarm.ca\\\/fr?s={search_term_string}\"},\"query-input\":{\"@type\":\"PropertyValueSpecification\",\"valueRequired\":true,\"valueName\":\"search_term_string\"}}],\"inLanguage\":\"fr-FR\"},{\"@type\":\"Organization\",\"@id\":\"https:\\\/\\\/www.sdarm.ca\\\/fr#organization\",\"name\":\"\u00c9glise Adventiste du Septi\u00e8me Jour Mouvement de R\u00e9forme - Champ Est-Canadien\",\"url\":\"https:\\\/\\\/www.sdarm.ca\\\/fr\",\"logo\":{\"@type\":\"ImageObject\",\"inLanguage\":\"fr-FR\",\"@id\":\"https:\\\/\\\/www.sdarm.ca\\\/fr#\\\/schema\\\/logo\\\/image\\\/\",\"url\":\"https:\\\/\\\/www.sdarm.ca\\\/wp-content\\\/uploads\\\/2017\\\/01\\\/512x512-icon-logo_eglise.png\",\"contentUrl\":\"https:\\\/\\\/www.sdarm.ca\\\/wp-content\\\/uploads\\\/2017\\\/01\\\/512x512-icon-logo_eglise.png\",\"width\":512,\"height\":512,\"caption\":\"\u00c9glise Adventiste du Septi\u00e8me Jour Mouvement de R\u00e9forme - Champ Est-Canadien\"},\"image\":{\"@id\":\"https:\\\/\\\/www.sdarm.ca\\\/fr#\\\/schema\\\/logo\\\/image\\\/\"}},{\"@type\":\"Person\",\"@id\":\"https:\\\/\\\/www.sdarm.ca\\\/fr#\\\/schema\\\/person\\\/d86210e2680851b6f1c8b312ac686fa3\",\"name\":\"Etienne Lombard\",\"image\":{\"@type\":\"ImageObject\",\"inLanguage\":\"fr-FR\",\"@id\":\"https:\\\/\\\/secure.gravatar.com\\\/avatar\\\/d49599ed4f12df95ce0a3c30add96bfafb57b95047456fa7e9fbf16d89595f5d?s=96&d=mm&r=g\",\"url\":\"https:\\\/\\\/secure.gravatar.com\\\/avatar\\\/d49599ed4f12df95ce0a3c30add96bfafb57b95047456fa7e9fbf16d89595f5d?s=96&d=mm&r=g\",\"contentUrl\":\"https:\\\/\\\/secure.gravatar.com\\\/avatar\\\/d49599ed4f12df95ce0a3c30add96bfafb57b95047456fa7e9fbf16d89595f5d?s=96&d=mm&r=g\",\"caption\":\"Etienne Lombard\"},\"url\":\"https:\\\/\\\/www.sdarm.ca\\\/fr\\\/author\\\/etienne-lombard77\"}]}<\/script>\n<!-- \/ Yoast SEO plugin. -->","yoast_head_json":{"title":"2023 Retraite des jeunes\/enfants (Shalom-by-the-Lake) - \u00c9glise Adventiste du Septi\u00e8me Jour Mouvement de R\u00e9forme - Champ Est-Canadien","robots":{"index":"index","follow":"follow","max-snippet":"max-snippet:-1","max-image-preview":"max-image-preview:large","max-video-preview":"max-video-preview:-1"},"canonical":"https:\/\/www.sdarm.ca\/fr\/2023-retraite-des-jeunes-enfants-shalom-by-the-lake","og_locale":"fr_FR","og_type":"article","og_title":"2023 Retraite des jeunes\/enfants (Shalom-by-the-Lake) - \u00c9glise Adventiste du Septi\u00e8me Jour Mouvement de R\u00e9forme - Champ Est-Canadien","og_description":"Le d\u00e9partement de jeunesse aimerait vous inviter \u00e0 participer \u00e0 notre retraite pour jeunes\/enfants \u00e0 Shalom-by-the-Lake, du 17 au 20 f\u00e9vrier 2023. Le th\u00e8me est: \u201cLes m\u00e9dias sociaux : Mal\u00e9diction ou b\u00e9n\u00e9diction ?\u201d","og_url":"https:\/\/www.sdarm.ca\/fr\/2023-retraite-des-jeunes-enfants-shalom-by-the-lake","og_site_name":"\u00c9glise Adventiste du Septi\u00e8me Jour Mouvement de R\u00e9forme - Champ Est-Canadien","article_published_time":"2023-01-28T01:52:14+00:00","article_modified_time":"2023-02-17T15:16:18+00:00","og_image":[{"width":1294,"height":2000,"url":"https:\/\/www.sdarm.ca\/wp-content\/uploads\/2023\/01\/2023-Shalom-Flyer.png","type":"image\/png"}],"author":"Etienne Lombard","twitter_card":"summary_large_image","twitter_misc":{"\u00c9crit par":"Etienne Lombard"},"schema":{"@context":"https:\/\/schema.org","@graph":[{"@type":"Article","@id":"https:\/\/www.sdarm.ca\/fr\/2023-retraite-des-jeunes-enfants-shalom-by-the-lake#article","isPartOf":{"@id":"https:\/\/www.sdarm.ca\/fr\/2023-retraite-des-jeunes-enfants-shalom-by-the-lake"},"author":{"name":"Etienne Lombard","@id":"https:\/\/www.sdarm.ca\/fr#\/schema\/person\/d86210e2680851b6f1c8b312ac686fa3"},"headline":"2023 Retraite des jeunes\/enfants (Shalom-by-the-Lake)","datePublished":"2023-01-28T01:52:14+00:00","dateModified":"2023-02-17T15:16:18+00:00","mainEntityOfPage":{"@id":"https:\/\/www.sdarm.ca\/fr\/2023-retraite-des-jeunes-enfants-shalom-by-the-lake"},"wordCount":38,"commentCount":0,"publisher":{"@id":"https:\/\/www.sdarm.ca\/fr#organization"},"image":{"@id":"https:\/\/www.sdarm.ca\/fr\/2023-retraite-des-jeunes-enfants-shalom-by-the-lake#primaryimage"},"thumbnailUrl":"https:\/\/www.sdarm.ca\/wp-content\/uploads\/2023\/01\/2023-Shalom-Flyer.png","articleSection":["Non classifi\u00e9(e)"],"inLanguage":"fr-FR","potentialAction":[{"@type":"CommentAction","name":"Comment","target":["https:\/\/www.sdarm.ca\/fr\/2023-retraite-des-jeunes-enfants-shalom-by-the-lake#respond"]}]},{"@type":"WebPage","@id":"https:\/\/www.sdarm.ca\/fr\/2023-retraite-des-jeunes-enfants-shalom-by-the-lake","url":"https:\/\/www.sdarm.ca\/fr\/2023-retraite-des-jeunes-enfants-shalom-by-the-lake","name":"2023 Retraite des jeunes\/enfants (Shalom-by-the-Lake) - \u00c9glise Adventiste du Septi\u00e8me Jour Mouvement de R\u00e9forme - Champ Est-Canadien","isPartOf":{"@id":"https:\/\/www.sdarm.ca\/fr#website"},"primaryImageOfPage":{"@id":"https:\/\/www.sdarm.ca\/fr\/2023-retraite-des-jeunes-enfants-shalom-by-the-lake#primaryimage"},"image":{"@id":"https:\/\/www.sdarm.ca\/fr\/2023-retraite-des-jeunes-enfants-shalom-by-the-lake#primaryimage"},"thumbnailUrl":"https:\/\/www.sdarm.ca\/wp-content\/uploads\/2023\/01\/2023-Shalom-Flyer.png","datePublished":"2023-01-28T01:52:14+00:00","dateModified":"2023-02-17T15:16:18+00:00","breadcrumb":{"@id":"https:\/\/www.sdarm.ca\/fr\/2023-retraite-des-jeunes-enfants-shalom-by-the-lake#breadcrumb"},"inLanguage":"fr-FR","potentialAction":[{"@type":"ReadAction","target":["https:\/\/www.sdarm.ca\/fr\/2023-retraite-des-jeunes-enfants-shalom-by-the-lake"]}]},{"@type":"ImageObject","inLanguage":"fr-FR","@id":"https:\/\/www.sdarm.ca\/fr\/2023-retraite-des-jeunes-enfants-shalom-by-the-lake#primaryimage","url":"https:\/\/www.sdarm.ca\/wp-content\/uploads\/2023\/01\/2023-Shalom-Flyer.png","contentUrl":"https:\/\/www.sdarm.ca\/wp-content\/uploads\/2023\/01\/2023-Shalom-Flyer.png","width":1294,"height":2000},{"@type":"BreadcrumbList","@id":"https:\/\/www.sdarm.ca\/fr\/2023-retraite-des-jeunes-enfants-shalom-by-the-lake#breadcrumb","itemListElement":[{"@type":"ListItem","position":1,"name":"Accueil","item":"https:\/\/www.sdarm.ca\/fr"},{"@type":"ListItem","position":2,"name":"2023 Retraite des jeunes\/enfants (Shalom-by-the-Lake)"}]},{"@type":"WebSite","@id":"https:\/\/www.sdarm.ca\/fr#website","url":"https:\/\/www.sdarm.ca\/fr","name":"\u00c9glise Adventiste du Septi\u00e8me Jour Mouvement de R\u00e9forme - Champ Est-Canadien","description":"Bienvenue sur le site web de notre \u00e9glise ! Dans ces pages, vous trouverez des informations sur notre \u00e9glise, nos minist\u00e8res, et surtout, qui est J\u00e9sus-Christ et comment vous pouvez commencer une relation personnelle avec Lui.  Nous esp\u00e9rons que vous serez b\u00e9nis par les sermons et les informations que vous trouverez ici. Plus important encore, nous esp\u00e9rons que vous d\u00e9couvrirez que l'amour de Dieu est inconditionnel.  \u00c0 l'\u00e9glise SDARM, notre d\u00e9sir est de faire une diff\u00e9rence au Canada et dans le monde. Nous aspirons \u00e0 \u00eatre une famille d'\u00e9glise qui accomplit la mission de Dieu. Venez nous rendre visite !","publisher":{"@id":"https:\/\/www.sdarm.ca\/fr#organization"},"potentialAction":[{"@type":"SearchAction","target":{"@type":"EntryPoint","urlTemplate":"https:\/\/www.sdarm.ca\/fr?s={search_term_string}"},"query-input":{"@type":"PropertyValueSpecification","valueRequired":true,"valueName":"search_term_string"}}],"inLanguage":"fr-FR"},{"@type":"Organization","@id":"https:\/\/www.sdarm.ca\/fr#organization","name":"\u00c9glise Adventiste du Septi\u00e8me Jour Mouvement de R\u00e9forme - Champ Est-Canadien","url":"https:\/\/www.sdarm.ca\/fr","logo":{"@type":"ImageObject","inLanguage":"fr-FR","@id":"https:\/\/www.sdarm.ca\/fr#\/schema\/logo\/image\/","url":"https:\/\/www.sdarm.ca\/wp-content\/uploads\/2017\/01\/512x512-icon-logo_eglise.png","contentUrl":"https:\/\/www.sdarm.ca\/wp-content\/uploads\/2017\/01\/512x512-icon-logo_eglise.png","width":512,"height":512,"caption":"\u00c9glise Adventiste du Septi\u00e8me Jour Mouvement de R\u00e9forme - Champ Est-Canadien"},"image":{"@id":"https:\/\/www.sdarm.ca\/fr#\/schema\/logo\/image\/"}},{"@type":"Person","@id":"https:\/\/www.sdarm.ca\/fr#\/schema\/person\/d86210e2680851b6f1c8b312ac686fa3","name":"Etienne Lombard","image":{"@type":"ImageObject","inLanguage":"fr-FR","@id":"https:\/\/secure.gravatar.com\/avatar\/d49599ed4f12df95ce0a3c30add96bfafb57b95047456fa7e9fbf16d89595f5d?s=96&d=mm&r=g","url":"https:\/\/secure.gravatar.com\/avatar\/d49599ed4f12df95ce0a3c30add96bfafb57b95047456fa7e9fbf16d89595f5d?s=96&d=mm&r=g","contentUrl":"https:\/\/secure.gravatar.com\/avatar\/d49599ed4f12df95ce0a3c30add96bfafb57b95047456fa7e9fbf16d89595f5d?s=96&d=mm&r=g","caption":"Etienne Lombard"},"url":"https:\/\/www.sdarm.ca\/fr\/author\/etienne-lombard77"}]}},"_links":{"self":[{"href":"https:\/\/www.sdarm.ca\/fr\/wp-json\/wp\/v2\/posts\/1697","targetHints":{"allow":["GET"]}}],"collection":[{"href":"https:\/\/www.sdarm.ca\/fr\/wp-json\/wp\/v2\/posts"}],"about":[{"href":"https:\/\/www.sdarm.ca\/fr\/wp-json\/wp\/v2\/types\/post"}],"author":[{"embeddable":true,"href":"https:\/\/www.sdarm.ca\/fr\/wp-json\/wp\/v2\/users\/1"}],"replies":[{"embeddable":true,"href":"https:\/\/www.sdarm.ca\/fr\/wp-json\/wp\/v2\/comments?post=1697"}],"version-history":[{"count":1,"href":"https:\/\/www.sdarm.ca\/fr\/wp-json\/wp\/v2\/posts\/1697\/revisions"}],"predecessor-version":[{"id":1698,"href":"https:\/\/www.sdarm.ca\/fr\/wp-json\/wp\/v2\/posts\/1697\/revisions\/1698"}],"wp:featuredmedia":[{"embeddable":true,"href":"https:\/\/www.sdarm.ca\/fr\/wp-json\/wp\/v2\/media\/1710"}],"wp:attachment":[{"href":"https:\/\/www.sdarm.ca\/fr\/wp-json\/wp\/v2\/media?parent=1697"}],"wp:term":[{"taxonomy":"category","embeddable":true,"href":"https:\/\/www.sdarm.ca\/fr\/wp-json\/wp\/v2\/categories?post=1697"},{"taxonomy":"post_tag","embeddable":true,"href":"https:\/\/www.sdarm.ca\/fr\/wp-json\/wp\/v2\/tags?post=1697"}],"curies":[{"name":"wp","href":"https:\/\/api.w.org\/{rel}","templated":true}]}}