{"id":1606,"date":"2022-11-27T22:18:00","date_gmt":"2022-11-28T03:18:00","guid":{"rendered":"https:\/\/www.sdarm.ca\/bapteme-a-montreal"},"modified":"2023-01-27T22:23:41","modified_gmt":"2023-01-28T03:23:41","slug":"bapteme-a-montreal","status":"publish","type":"post","link":"https:\/\/www.sdarm.ca\/fr\/bapteme-a-montreal","title":{"rendered":"Bapt\u00eame \u00e0 Montr\u00e9al"},"content":{"rendered":"\n<p>Le 26 novembre 2022, un jeune homme originaire de Colombie a d\u00e9cid\u00e9 de consacrer sa vie au Seigneur. <\/p>\n\n<p>Yeisson Perez a partag\u00e9 son exp\u00e9rience de foi et l&rsquo;alliance qu&rsquo;il a conclue avec Dieu lorsque sa m\u00e8re \u00e9tait malade et sur le point de mourir. Apr\u00e8s sa gu\u00e9rison miraculeuse, il a promis \u00e0 Dieu de le servir fid\u00e8lement. Toute l&rsquo;\u00e9glise s&rsquo;est r\u00e9unie pour assister \u00e0 cet \u00e9v\u00e9nement joyeux.<\/p>\n\n<figure class=\"wp-block-gallery has-nested-images columns-default is-cropped wp-block-gallery-2 is-layout-flex wp-block-gallery-is-layout-flex\">\n<figure class=\"wp-block-image size-large\"><img loading=\"lazy\" decoding=\"async\" width=\"1024\" height=\"768\" data-id=\"1354\" src=\"https:\/\/www.sdarm.ca\/wp-content\/uploads\/2022\/12\/IMG_1400-1024x768.jpg\" alt=\"\" class=\"wp-image-1354\" srcset=\"https:\/\/www.sdarm.ca\/wp-content\/uploads\/2022\/12\/IMG_1400-1024x768.jpg 1024w, https:\/\/www.sdarm.ca\/wp-content\/uploads\/2022\/12\/IMG_1400-300x225.jpg 300w, https:\/\/www.sdarm.ca\/wp-content\/uploads\/2022\/12\/IMG_1400-768x576.jpg 768w, https:\/\/www.sdarm.ca\/wp-content\/uploads\/2022\/12\/IMG_1400-1536x1152.jpg 1536w, https:\/\/www.sdarm.ca\/wp-content\/uploads\/2022\/12\/IMG_1400-2048x1536.jpg 2048w, https:\/\/www.sdarm.ca\/wp-content\/uploads\/2022\/12\/IMG_1400-195x146.jpg 195w, https:\/\/www.sdarm.ca\/wp-content\/uploads\/2022\/12\/IMG_1400-50x38.jpg 50w, https:\/\/www.sdarm.ca\/wp-content\/uploads\/2022\/12\/IMG_1400-100x75.jpg 100w\" sizes=\"auto, (max-width:767px) 480px, (max-width:1024px) 100vw, 1024px\" \/><\/figure>\n\n\n<figure class=\"wp-block-image size-large\"><img loading=\"lazy\" decoding=\"async\" width=\"1024\" height=\"576\" data-id=\"1353\" src=\"https:\/\/www.sdarm.ca\/wp-content\/uploads\/2022\/12\/IMG_1402-1024x576.jpg\" alt=\"\" class=\"wp-image-1353\" srcset=\"https:\/\/www.sdarm.ca\/wp-content\/uploads\/2022\/12\/IMG_1402-1024x576.jpg 1024w, https:\/\/www.sdarm.ca\/wp-content\/uploads\/2022\/12\/IMG_1402-300x169.jpg 300w, https:\/\/www.sdarm.ca\/wp-content\/uploads\/2022\/12\/IMG_1402-768x432.jpg 768w, https:\/\/www.sdarm.ca\/wp-content\/uploads\/2022\/12\/IMG_1402-1536x864.jpg 1536w, https:\/\/www.sdarm.ca\/wp-content\/uploads\/2022\/12\/IMG_1402-2048x1152.jpg 2048w, https:\/\/www.sdarm.ca\/wp-content\/uploads\/2022\/12\/IMG_1402-260x146.jpg 260w, https:\/\/www.sdarm.ca\/wp-content\/uploads\/2022\/12\/IMG_1402-50x28.jpg 50w, https:\/\/www.sdarm.ca\/wp-content\/uploads\/2022\/12\/IMG_1402-133x75.jpg 133w\" sizes=\"auto, (max-width:767px) 480px, (max-width:1024px) 100vw, 1024px\" \/><\/figure>\n\n\n<figure class=\"wp-block-image size-large\"><img loading=\"lazy\" decoding=\"async\" width=\"1024\" height=\"768\" data-id=\"1355\" src=\"https:\/\/www.sdarm.ca\/wp-content\/uploads\/2022\/12\/IMG_8499-1024x768.jpg\" alt=\"\" class=\"wp-image-1355\" srcset=\"https:\/\/www.sdarm.ca\/wp-content\/uploads\/2022\/12\/IMG_8499-1024x768.jpg 1024w, https:\/\/www.sdarm.ca\/wp-content\/uploads\/2022\/12\/IMG_8499-300x225.jpg 300w, https:\/\/www.sdarm.ca\/wp-content\/uploads\/2022\/12\/IMG_8499-768x576.jpg 768w, https:\/\/www.sdarm.ca\/wp-content\/uploads\/2022\/12\/IMG_8499-1536x1152.jpg 1536w, https:\/\/www.sdarm.ca\/wp-content\/uploads\/2022\/12\/IMG_8499-2048x1536.jpg 2048w, https:\/\/www.sdarm.ca\/wp-content\/uploads\/2022\/12\/IMG_8499-195x146.jpg 195w, https:\/\/www.sdarm.ca\/wp-content\/uploads\/2022\/12\/IMG_8499-50x38.jpg 50w, https:\/\/www.sdarm.ca\/wp-content\/uploads\/2022\/12\/IMG_8499-100x75.jpg 100w\" sizes=\"auto, (max-width:767px) 480px, (max-width:1024px) 100vw, 1024px\" \/><\/figure><\/figure>\n\n<figure class=\"wp-block-embed is-type-video is-provider-youtube wp-block-embed-youtube wp-embed-aspect-16-9 wp-has-aspect-ratio\"><div class=\"wp-block-embed__wrapper\">\n<iframe loading=\"lazy\"  style=\"display: block; margin: 0px auto;\"  id=\"_ytid_98521\"  width=\"1220\" height=\"686\"  data-origwidth=\"1220\" data-origheight=\"686\" src=\"https:\/\/www.youtube.com\/embed\/8fAA2HcIuaI?enablejsapi=1&#038;autoplay=0&#038;cc_load_policy=0&#038;cc_lang_pref=&#038;iv_load_policy=1&#038;loop=0&#038;rel=0&#038;fs=1&#038;playsinline=0&#038;autohide=2&#038;hl=fr_FR&#038;theme=dark&#038;color=red&#038;controls=1&#038;disablekb=0&#038;\" class=\"__youtube_prefs__  epyt-is-override  no-lazyload\" title=\"YouTube player\"  allow=\"fullscreen; accelerometer; autoplay; clipboard-write; encrypted-media; gyroscope; picture-in-picture; web-share\" referrerpolicy=\"strict-origin-when-cross-origin\" allowfullscreen data-no-lazy=\"1\" data-skipgform_ajax_framebjll=\"\"><\/iframe>\n<\/div><\/figure>\n","protected":false},"excerpt":{"rendered":"<p>Le 26 novembre 2022, un jeune homme originaire de Colombie a d\u00e9cid\u00e9 de consacrer sa vie au Seigneur. Yeisson Perez a partag\u00e9 son exp\u00e9rience de foi et l&rsquo;alliance qu&rsquo;il a conclue avec Dieu lorsque sa m\u00e8re \u00e9tait malade et sur le point de mourir. Apr\u00e8s<span class=\"excerpt-hellip\"> [\u2026]<\/span><\/p>\n","protected":false},"author":1,"featured_media":1603,"comment_status":"open","ping_status":"open","sticky":false,"template":"","format":"standard","meta":{"footnotes":""},"categories":[25],"tags":[],"class_list":["post-1606","post","type-post","status-publish","format-standard","has-post-thumbnail","hentry","category-non-classifiee"],"yoast_head":"<!-- This site is optimized with the Yoast SEO plugin v27.5 - https:\/\/yoast.com\/product\/yoast-seo-wordpress\/ -->\n<title>Bapt\u00eame \u00e0 Montr\u00e9al - \u00c9glise Adventiste du Septi\u00e8me Jour Mouvement de R\u00e9forme - Champ Est-Canadien<\/title>\n<meta name=\"robots\" content=\"index, follow, max-snippet:-1, max-image-preview:large, max-video-preview:-1\" \/>\n<link rel=\"canonical\" href=\"https:\/\/www.sdarm.ca\/fr\/bapteme-a-montreal\" \/>\n<meta property=\"og:locale\" content=\"fr_FR\" \/>\n<meta property=\"og:type\" content=\"article\" \/>\n<meta property=\"og:title\" content=\"Bapt\u00eame \u00e0 Montr\u00e9al - \u00c9glise Adventiste du Septi\u00e8me Jour Mouvement de R\u00e9forme - Champ Est-Canadien\" \/>\n<meta property=\"og:description\" content=\"Le 26 novembre 2022, un jeune homme originaire de Colombie a d\u00e9cid\u00e9 de consacrer sa vie au Seigneur. Yeisson Perez a partag\u00e9 son exp\u00e9rience de foi et l&rsquo;alliance qu&rsquo;il a conclue avec Dieu lorsque sa m\u00e8re \u00e9tait malade et sur le point de mourir. Apr\u00e8s [\u2026]\" \/>\n<meta property=\"og:url\" content=\"https:\/\/www.sdarm.ca\/fr\/bapteme-a-montreal\" \/>\n<meta property=\"og:site_name\" content=\"\u00c9glise Adventiste du Septi\u00e8me Jour Mouvement de R\u00e9forme - Champ Est-Canadien\" \/>\n<meta property=\"article:published_time\" content=\"2022-11-28T03:18:00+00:00\" \/>\n<meta property=\"article:modified_time\" content=\"2023-01-28T03:23:41+00:00\" \/>\n<meta property=\"og:image\" content=\"https:\/\/www.sdarm.ca\/wp-content\/uploads\/2022\/12\/IMG_1402-scaled.jpg\" \/>\n\t<meta property=\"og:image:width\" content=\"2560\" \/>\n\t<meta property=\"og:image:height\" content=\"1440\" \/>\n\t<meta property=\"og:image:type\" content=\"image\/jpeg\" \/>\n<meta name=\"author\" content=\"Etienne Lombard\" \/>\n<meta name=\"twitter:card\" content=\"summary_large_image\" \/>\n<meta name=\"twitter:label1\" content=\"\u00c9crit par\" \/>\n\t<meta name=\"twitter:data1\" content=\"Etienne Lombard\" \/>\n<script type=\"application\/ld+json\" class=\"yoast-schema-graph\">{\"@context\":\"https:\\\/\\\/schema.org\",\"@graph\":[{\"@type\":\"Article\",\"@id\":\"https:\\\/\\\/www.sdarm.ca\\\/fr\\\/bapteme-a-montreal#article\",\"isPartOf\":{\"@id\":\"https:\\\/\\\/www.sdarm.ca\\\/fr\\\/bapteme-a-montreal\"},\"author\":{\"name\":\"Etienne Lombard\",\"@id\":\"https:\\\/\\\/www.sdarm.ca\\\/fr#\\\/schema\\\/person\\\/d86210e2680851b6f1c8b312ac686fa3\"},\"headline\":\"Bapt\u00eame \u00e0 Montr\u00e9al\",\"datePublished\":\"2022-11-28T03:18:00+00:00\",\"dateModified\":\"2023-01-28T03:23:41+00:00\",\"mainEntityOfPage\":{\"@id\":\"https:\\\/\\\/www.sdarm.ca\\\/fr\\\/bapteme-a-montreal\"},\"wordCount\":84,\"commentCount\":0,\"publisher\":{\"@id\":\"https:\\\/\\\/www.sdarm.ca\\\/fr#organization\"},\"image\":{\"@id\":\"https:\\\/\\\/www.sdarm.ca\\\/fr\\\/bapteme-a-montreal#primaryimage\"},\"thumbnailUrl\":\"https:\\\/\\\/www.sdarm.ca\\\/wp-content\\\/uploads\\\/2022\\\/12\\\/IMG_1402-scaled.jpg\",\"articleSection\":[\"Non classifi\u00e9(e)\"],\"inLanguage\":\"fr-FR\",\"potentialAction\":[{\"@type\":\"CommentAction\",\"name\":\"Comment\",\"target\":[\"https:\\\/\\\/www.sdarm.ca\\\/fr\\\/bapteme-a-montreal#respond\"]}]},{\"@type\":\"WebPage\",\"@id\":\"https:\\\/\\\/www.sdarm.ca\\\/fr\\\/bapteme-a-montreal\",\"url\":\"https:\\\/\\\/www.sdarm.ca\\\/fr\\\/bapteme-a-montreal\",\"name\":\"Bapt\u00eame \u00e0 Montr\u00e9al - \u00c9glise Adventiste du Septi\u00e8me Jour Mouvement de R\u00e9forme - Champ Est-Canadien\",\"isPartOf\":{\"@id\":\"https:\\\/\\\/www.sdarm.ca\\\/fr#website\"},\"primaryImageOfPage\":{\"@id\":\"https:\\\/\\\/www.sdarm.ca\\\/fr\\\/bapteme-a-montreal#primaryimage\"},\"image\":{\"@id\":\"https:\\\/\\\/www.sdarm.ca\\\/fr\\\/bapteme-a-montreal#primaryimage\"},\"thumbnailUrl\":\"https:\\\/\\\/www.sdarm.ca\\\/wp-content\\\/uploads\\\/2022\\\/12\\\/IMG_1402-scaled.jpg\",\"datePublished\":\"2022-11-28T03:18:00+00:00\",\"dateModified\":\"2023-01-28T03:23:41+00:00\",\"breadcrumb\":{\"@id\":\"https:\\\/\\\/www.sdarm.ca\\\/fr\\\/bapteme-a-montreal#breadcrumb\"},\"inLanguage\":\"fr-FR\",\"potentialAction\":[{\"@type\":\"ReadAction\",\"target\":[\"https:\\\/\\\/www.sdarm.ca\\\/fr\\\/bapteme-a-montreal\"]}]},{\"@type\":\"ImageObject\",\"inLanguage\":\"fr-FR\",\"@id\":\"https:\\\/\\\/www.sdarm.ca\\\/fr\\\/bapteme-a-montreal#primaryimage\",\"url\":\"https:\\\/\\\/www.sdarm.ca\\\/wp-content\\\/uploads\\\/2022\\\/12\\\/IMG_1402-scaled.jpg\",\"contentUrl\":\"https:\\\/\\\/www.sdarm.ca\\\/wp-content\\\/uploads\\\/2022\\\/12\\\/IMG_1402-scaled.jpg\",\"width\":2560,\"height\":1440},{\"@type\":\"BreadcrumbList\",\"@id\":\"https:\\\/\\\/www.sdarm.ca\\\/fr\\\/bapteme-a-montreal#breadcrumb\",\"itemListElement\":[{\"@type\":\"ListItem\",\"position\":1,\"name\":\"Accueil\",\"item\":\"https:\\\/\\\/www.sdarm.ca\\\/fr\"},{\"@type\":\"ListItem\",\"position\":2,\"name\":\"Bapt\u00eame \u00e0 Montr\u00e9al\"}]},{\"@type\":\"WebSite\",\"@id\":\"https:\\\/\\\/www.sdarm.ca\\\/fr#website\",\"url\":\"https:\\\/\\\/www.sdarm.ca\\\/fr\",\"name\":\"\u00c9glise Adventiste du Septi\u00e8me Jour Mouvement de R\u00e9forme - Champ Est-Canadien\",\"description\":\"Bienvenue sur le site web de notre \u00e9glise ! Dans ces pages, vous trouverez des informations sur notre \u00e9glise, nos minist\u00e8res, et surtout, qui est J\u00e9sus-Christ et comment vous pouvez commencer une relation personnelle avec Lui.  Nous esp\u00e9rons que vous serez b\u00e9nis par les sermons et les informations que vous trouverez ici. Plus important encore, nous esp\u00e9rons que vous d\u00e9couvrirez que l'amour de Dieu est inconditionnel.  \u00c0 l'\u00e9glise SDARM, notre d\u00e9sir est de faire une diff\u00e9rence au Canada et dans le monde. Nous aspirons \u00e0 \u00eatre une famille d'\u00e9glise qui accomplit la mission de Dieu. Venez nous rendre visite !\",\"publisher\":{\"@id\":\"https:\\\/\\\/www.sdarm.ca\\\/fr#organization\"},\"potentialAction\":[{\"@type\":\"SearchAction\",\"target\":{\"@type\":\"EntryPoint\",\"urlTemplate\":\"https:\\\/\\\/www.sdarm.ca\\\/fr?s={search_term_string}\"},\"query-input\":{\"@type\":\"PropertyValueSpecification\",\"valueRequired\":true,\"valueName\":\"search_term_string\"}}],\"inLanguage\":\"fr-FR\"},{\"@type\":\"Organization\",\"@id\":\"https:\\\/\\\/www.sdarm.ca\\\/fr#organization\",\"name\":\"\u00c9glise Adventiste du Septi\u00e8me Jour Mouvement de R\u00e9forme - Champ Est-Canadien\",\"url\":\"https:\\\/\\\/www.sdarm.ca\\\/fr\",\"logo\":{\"@type\":\"ImageObject\",\"inLanguage\":\"fr-FR\",\"@id\":\"https:\\\/\\\/www.sdarm.ca\\\/fr#\\\/schema\\\/logo\\\/image\\\/\",\"url\":\"https:\\\/\\\/www.sdarm.ca\\\/wp-content\\\/uploads\\\/2017\\\/01\\\/512x512-icon-logo_eglise.png\",\"contentUrl\":\"https:\\\/\\\/www.sdarm.ca\\\/wp-content\\\/uploads\\\/2017\\\/01\\\/512x512-icon-logo_eglise.png\",\"width\":512,\"height\":512,\"caption\":\"\u00c9glise Adventiste du Septi\u00e8me Jour Mouvement de R\u00e9forme - Champ Est-Canadien\"},\"image\":{\"@id\":\"https:\\\/\\\/www.sdarm.ca\\\/fr#\\\/schema\\\/logo\\\/image\\\/\"}},{\"@type\":\"Person\",\"@id\":\"https:\\\/\\\/www.sdarm.ca\\\/fr#\\\/schema\\\/person\\\/d86210e2680851b6f1c8b312ac686fa3\",\"name\":\"Etienne Lombard\",\"image\":{\"@type\":\"ImageObject\",\"inLanguage\":\"fr-FR\",\"@id\":\"https:\\\/\\\/secure.gravatar.com\\\/avatar\\\/d49599ed4f12df95ce0a3c30add96bfafb57b95047456fa7e9fbf16d89595f5d?s=96&d=mm&r=g\",\"url\":\"https:\\\/\\\/secure.gravatar.com\\\/avatar\\\/d49599ed4f12df95ce0a3c30add96bfafb57b95047456fa7e9fbf16d89595f5d?s=96&d=mm&r=g\",\"contentUrl\":\"https:\\\/\\\/secure.gravatar.com\\\/avatar\\\/d49599ed4f12df95ce0a3c30add96bfafb57b95047456fa7e9fbf16d89595f5d?s=96&d=mm&r=g\",\"caption\":\"Etienne Lombard\"},\"url\":\"https:\\\/\\\/www.sdarm.ca\\\/fr\\\/author\\\/etienne-lombard77\"}]}<\/script>\n<!-- \/ Yoast SEO plugin. -->","yoast_head_json":{"title":"Bapt\u00eame \u00e0 Montr\u00e9al - \u00c9glise Adventiste du Septi\u00e8me Jour Mouvement de R\u00e9forme - Champ Est-Canadien","robots":{"index":"index","follow":"follow","max-snippet":"max-snippet:-1","max-image-preview":"max-image-preview:large","max-video-preview":"max-video-preview:-1"},"canonical":"https:\/\/www.sdarm.ca\/fr\/bapteme-a-montreal","og_locale":"fr_FR","og_type":"article","og_title":"Bapt\u00eame \u00e0 Montr\u00e9al - \u00c9glise Adventiste du Septi\u00e8me Jour Mouvement de R\u00e9forme - Champ Est-Canadien","og_description":"Le 26 novembre 2022, un jeune homme originaire de Colombie a d\u00e9cid\u00e9 de consacrer sa vie au Seigneur. Yeisson Perez a partag\u00e9 son exp\u00e9rience de foi et l&rsquo;alliance qu&rsquo;il a conclue avec Dieu lorsque sa m\u00e8re \u00e9tait malade et sur le point de mourir. Apr\u00e8s [\u2026]","og_url":"https:\/\/www.sdarm.ca\/fr\/bapteme-a-montreal","og_site_name":"\u00c9glise Adventiste du Septi\u00e8me Jour Mouvement de R\u00e9forme - Champ Est-Canadien","article_published_time":"2022-11-28T03:18:00+00:00","article_modified_time":"2023-01-28T03:23:41+00:00","og_image":[{"width":2560,"height":1440,"url":"https:\/\/www.sdarm.ca\/wp-content\/uploads\/2022\/12\/IMG_1402-scaled.jpg","type":"image\/jpeg"}],"author":"Etienne Lombard","twitter_card":"summary_large_image","twitter_misc":{"\u00c9crit par":"Etienne Lombard"},"schema":{"@context":"https:\/\/schema.org","@graph":[{"@type":"Article","@id":"https:\/\/www.sdarm.ca\/fr\/bapteme-a-montreal#article","isPartOf":{"@id":"https:\/\/www.sdarm.ca\/fr\/bapteme-a-montreal"},"author":{"name":"Etienne Lombard","@id":"https:\/\/www.sdarm.ca\/fr#\/schema\/person\/d86210e2680851b6f1c8b312ac686fa3"},"headline":"Bapt\u00eame \u00e0 Montr\u00e9al","datePublished":"2022-11-28T03:18:00+00:00","dateModified":"2023-01-28T03:23:41+00:00","mainEntityOfPage":{"@id":"https:\/\/www.sdarm.ca\/fr\/bapteme-a-montreal"},"wordCount":84,"commentCount":0,"publisher":{"@id":"https:\/\/www.sdarm.ca\/fr#organization"},"image":{"@id":"https:\/\/www.sdarm.ca\/fr\/bapteme-a-montreal#primaryimage"},"thumbnailUrl":"https:\/\/www.sdarm.ca\/wp-content\/uploads\/2022\/12\/IMG_1402-scaled.jpg","articleSection":["Non classifi\u00e9(e)"],"inLanguage":"fr-FR","potentialAction":[{"@type":"CommentAction","name":"Comment","target":["https:\/\/www.sdarm.ca\/fr\/bapteme-a-montreal#respond"]}]},{"@type":"WebPage","@id":"https:\/\/www.sdarm.ca\/fr\/bapteme-a-montreal","url":"https:\/\/www.sdarm.ca\/fr\/bapteme-a-montreal","name":"Bapt\u00eame \u00e0 Montr\u00e9al - \u00c9glise Adventiste du Septi\u00e8me Jour Mouvement de R\u00e9forme - Champ Est-Canadien","isPartOf":{"@id":"https:\/\/www.sdarm.ca\/fr#website"},"primaryImageOfPage":{"@id":"https:\/\/www.sdarm.ca\/fr\/bapteme-a-montreal#primaryimage"},"image":{"@id":"https:\/\/www.sdarm.ca\/fr\/bapteme-a-montreal#primaryimage"},"thumbnailUrl":"https:\/\/www.sdarm.ca\/wp-content\/uploads\/2022\/12\/IMG_1402-scaled.jpg","datePublished":"2022-11-28T03:18:00+00:00","dateModified":"2023-01-28T03:23:41+00:00","breadcrumb":{"@id":"https:\/\/www.sdarm.ca\/fr\/bapteme-a-montreal#breadcrumb"},"inLanguage":"fr-FR","potentialAction":[{"@type":"ReadAction","target":["https:\/\/www.sdarm.ca\/fr\/bapteme-a-montreal"]}]},{"@type":"ImageObject","inLanguage":"fr-FR","@id":"https:\/\/www.sdarm.ca\/fr\/bapteme-a-montreal#primaryimage","url":"https:\/\/www.sdarm.ca\/wp-content\/uploads\/2022\/12\/IMG_1402-scaled.jpg","contentUrl":"https:\/\/www.sdarm.ca\/wp-content\/uploads\/2022\/12\/IMG_1402-scaled.jpg","width":2560,"height":1440},{"@type":"BreadcrumbList","@id":"https:\/\/www.sdarm.ca\/fr\/bapteme-a-montreal#breadcrumb","itemListElement":[{"@type":"ListItem","position":1,"name":"Accueil","item":"https:\/\/www.sdarm.ca\/fr"},{"@type":"ListItem","position":2,"name":"Bapt\u00eame \u00e0 Montr\u00e9al"}]},{"@type":"WebSite","@id":"https:\/\/www.sdarm.ca\/fr#website","url":"https:\/\/www.sdarm.ca\/fr","name":"\u00c9glise Adventiste du Septi\u00e8me Jour Mouvement de R\u00e9forme - Champ Est-Canadien","description":"Bienvenue sur le site web de notre \u00e9glise ! Dans ces pages, vous trouverez des informations sur notre \u00e9glise, nos minist\u00e8res, et surtout, qui est J\u00e9sus-Christ et comment vous pouvez commencer une relation personnelle avec Lui.  Nous esp\u00e9rons que vous serez b\u00e9nis par les sermons et les informations que vous trouverez ici. Plus important encore, nous esp\u00e9rons que vous d\u00e9couvrirez que l'amour de Dieu est inconditionnel.  \u00c0 l'\u00e9glise SDARM, notre d\u00e9sir est de faire une diff\u00e9rence au Canada et dans le monde. Nous aspirons \u00e0 \u00eatre une famille d'\u00e9glise qui accomplit la mission de Dieu. Venez nous rendre visite !","publisher":{"@id":"https:\/\/www.sdarm.ca\/fr#organization"},"potentialAction":[{"@type":"SearchAction","target":{"@type":"EntryPoint","urlTemplate":"https:\/\/www.sdarm.ca\/fr?s={search_term_string}"},"query-input":{"@type":"PropertyValueSpecification","valueRequired":true,"valueName":"search_term_string"}}],"inLanguage":"fr-FR"},{"@type":"Organization","@id":"https:\/\/www.sdarm.ca\/fr#organization","name":"\u00c9glise Adventiste du Septi\u00e8me Jour Mouvement de R\u00e9forme - Champ Est-Canadien","url":"https:\/\/www.sdarm.ca\/fr","logo":{"@type":"ImageObject","inLanguage":"fr-FR","@id":"https:\/\/www.sdarm.ca\/fr#\/schema\/logo\/image\/","url":"https:\/\/www.sdarm.ca\/wp-content\/uploads\/2017\/01\/512x512-icon-logo_eglise.png","contentUrl":"https:\/\/www.sdarm.ca\/wp-content\/uploads\/2017\/01\/512x512-icon-logo_eglise.png","width":512,"height":512,"caption":"\u00c9glise Adventiste du Septi\u00e8me Jour Mouvement de R\u00e9forme - Champ Est-Canadien"},"image":{"@id":"https:\/\/www.sdarm.ca\/fr#\/schema\/logo\/image\/"}},{"@type":"Person","@id":"https:\/\/www.sdarm.ca\/fr#\/schema\/person\/d86210e2680851b6f1c8b312ac686fa3","name":"Etienne Lombard","image":{"@type":"ImageObject","inLanguage":"fr-FR","@id":"https:\/\/secure.gravatar.com\/avatar\/d49599ed4f12df95ce0a3c30add96bfafb57b95047456fa7e9fbf16d89595f5d?s=96&d=mm&r=g","url":"https:\/\/secure.gravatar.com\/avatar\/d49599ed4f12df95ce0a3c30add96bfafb57b95047456fa7e9fbf16d89595f5d?s=96&d=mm&r=g","contentUrl":"https:\/\/secure.gravatar.com\/avatar\/d49599ed4f12df95ce0a3c30add96bfafb57b95047456fa7e9fbf16d89595f5d?s=96&d=mm&r=g","caption":"Etienne Lombard"},"url":"https:\/\/www.sdarm.ca\/fr\/author\/etienne-lombard77"}]}},"_links":{"self":[{"href":"https:\/\/www.sdarm.ca\/fr\/wp-json\/wp\/v2\/posts\/1606","targetHints":{"allow":["GET"]}}],"collection":[{"href":"https:\/\/www.sdarm.ca\/fr\/wp-json\/wp\/v2\/posts"}],"about":[{"href":"https:\/\/www.sdarm.ca\/fr\/wp-json\/wp\/v2\/types\/post"}],"author":[{"embeddable":true,"href":"https:\/\/www.sdarm.ca\/fr\/wp-json\/wp\/v2\/users\/1"}],"replies":[{"embeddable":true,"href":"https:\/\/www.sdarm.ca\/fr\/wp-json\/wp\/v2\/comments?post=1606"}],"version-history":[{"count":1,"href":"https:\/\/www.sdarm.ca\/fr\/wp-json\/wp\/v2\/posts\/1606\/revisions"}],"predecessor-version":[{"id":1607,"href":"https:\/\/www.sdarm.ca\/fr\/wp-json\/wp\/v2\/posts\/1606\/revisions\/1607"}],"wp:featuredmedia":[{"embeddable":true,"href":"https:\/\/www.sdarm.ca\/fr\/wp-json\/wp\/v2\/media\/1603"}],"wp:attachment":[{"href":"https:\/\/www.sdarm.ca\/fr\/wp-json\/wp\/v2\/media?parent=1606"}],"wp:term":[{"taxonomy":"category","embeddable":true,"href":"https:\/\/www.sdarm.ca\/fr\/wp-json\/wp\/v2\/categories?post=1606"},{"taxonomy":"post_tag","embeddable":true,"href":"https:\/\/www.sdarm.ca\/fr\/wp-json\/wp\/v2\/tags?post=1606"}],"curies":[{"name":"wp","href":"https:\/\/api.w.org\/{rel}","templated":true}]}}